{"id":1024,"date":"2025-04-26T22:28:50","date_gmt":"2025-04-26T20:28:50","guid":{"rendered":"https:\/\/splelkowo.pl\/wordpress\/?p=1024"},"modified":"2026-04-26T17:53:29","modified_gmt":"2026-04-26T15:53:29","slug":"projekt-uniwersytet-ludowy-pogranicza","status":"publish","type":"post","link":"https:\/\/splelkowo.pl\/wordpress\/projekt-uniwersytet-ludowy-pogranicza\/","title":{"rendered":"Projekt &#8222;Uniwersytet Ludowy Pogranicza&#8221;"},"content":{"rendered":"<p><img fetchpriority=\"high\" decoding=\"async\" class=\" wp-image-1022 aligncenter\" src=\"https:\/\/splelkowo.pl\/wordpress\/wp-content\/uploads\/2025\/04\/logotypy-LOWE-300x35.jpg\" alt=\"\" width=\"779\" height=\"91\" srcset=\"https:\/\/splelkowo.pl\/wordpress\/wp-content\/uploads\/2025\/04\/logotypy-LOWE-300x35.jpg 300w, https:\/\/splelkowo.pl\/wordpress\/wp-content\/uploads\/2025\/04\/logotypy-LOWE.jpg 624w\" sizes=\"(max-width: 779px) 100vw, 779px\" \/><\/p>\n<p>&nbsp;<\/p>\n<p>&nbsp;<\/p>\n<p>Gmina Barciany jako beneficjent w partnerstwie z gminami: Lelkowo, Braniewo, G\u00f3rowo I\u0142aweckie, S\u0119popol, Srokowo, W\u0119gorzewo, Pozezdrze, Budry, Banie Mazurskie, Go\u0142dap, Dubeninki oraz Stowarzyszeniem Warmi\u0144sko-Mazurskich Samorz\u0105d\u00f3w Pogranicza i Elbl\u0105skim Stowarzyszeniem Wspierania Inicjatyw Pozarz\u0105dowych otrzyma\u0142a dofinansowanie na realizacj\u0119 projektu pt. <strong>\u201eUniwersytet Ludowy Pogranicza\u201c<\/strong> w ramach Priorytetu 6. Edukacja i Kompetencje EFS+ programu regionalnego Fundusze Europejskie dla Warmii i Mazur 2021-2027, wsp\u00f3\u0142finansowanego ze \u015brodk\u00f3w Europejskiego Funduszu Spo\u0142ecznego Plus. W ramach tej inicjatywy powstanie przy szko\u0142ach dwana\u015bcie Lokalnych O\u015brodk\u00f3w Wiedzy i Edukacji (LOWE) na terenie gmin pogranicza (Lelkowo, Braniewo, G\u00f3rowo I\u0142aweckie, S\u0119popol, Barciany, Srokowo, W\u0119gorzewo, Pozezdrze, Budry, Banie Mazurskie, Go\u0142dap, Dubeninki). Koordynatorem ponadlokalnym tych LOWE, a zarazem trzynastym o\u015brodkiem, b\u0119dzie kluczowy dla ca\u0142ego projektu Uniwersytet Ludowy Pogranicza, jaki zostanie utworzony przy Gminnym O\u015brodku Kultury w Barcianach. Dzi\u0119ki wdro\u017ceniu projektu wsparcie otrzyma co najmniej 600 mieszka\u0144c\u00f3w gmin pogranicza.<\/p>\n<p>G\u0142\u00f3wnym celem projektu jest zwi\u0119kszenie dost\u0119pu do wysokiej jako\u015bci oferty edukacyjnej dla os\u00f3b doros\u0142ych na terenie 12 gmin Pogranicza: Lelkowo, Braniewo, G\u00f3rowo I\u0142aweckie, S\u0119popol, Barciany, Srokowo, W\u0119gorzewo, Pozezdrze, Budry, Banie Mazurskie, Go\u0142dap, Dubeninki, co doprowadzi do wzrostu kompetencji osobistych, spo\u0142ecznych, zawodowych, obywatelskich, rodzicielskich w\u015br\u00f3d co najmniej 600 os\u00f3b doros\u0142ych (450K i 150M), w tym 60 (45K i 15M) w zakresie kompetencji zielonych zamieszkuj\u0105cych na terenie jednej z w\/w gmin, w wyniku utworzenia i dzia\u0142alno\u015bci 12 LOWE (doposa\u017conych w meble i sprz\u0119t) oraz Uniwersytetu Ludowego Pogranicza, prowadz\u0105cych dzia\u0142ania animacyjne wspieraj\u0105ce ide\u0119 uczenia si\u0119 przez ca\u0142e \u017cycie w okresie 01.04.2025-30.09.2026.<\/p>\n<p>Dzi\u0119ki Uniwersytetu Ludowego Pogranicza stworzona zostanie tak\u017ce przestrze\u0144 dla integracji mi\u0119dzypokoleniowej, kultywowania tradycji, rozbudzania \u015bwiadomo\u015bci historycznej. Dzi\u0119ki swej stopniowo rozbudowywanej ofercie ULP wraz z 12 LOWE stanie si\u0119 istotnym elementem \u017cycia kulturalno- edukacyjnego na Pograniczu.<\/p>\n<p>&nbsp;<\/p>\n<p>Ca\u0142kowita warto\u015b\u0107 projektu wynosi\u00a04\u00a0040\u00a0824,00 z\u0142<\/p>\n<p>Wysoko\u015b\u0107 wk\u0142adu z Funduszy Europejskich:\u00a03 279 684,00 z\u0142<\/p>\n<p>#FunduszeEuropejskie #FunduszeUE<\/p>\n<p>&nbsp;<\/p>\n<p><img decoding=\"async\" class=\"wp-image-1150 alignleft\" src=\"https:\/\/splelkowo.pl\/wordpress\/wp-content\/uploads\/2025\/04\/reka-300x208.webp\" alt=\"\" width=\"46\" height=\"32\" srcset=\"https:\/\/splelkowo.pl\/wordpress\/wp-content\/uploads\/2025\/04\/reka-300x208.webp 300w, https:\/\/splelkowo.pl\/wordpress\/wp-content\/uploads\/2025\/04\/reka.webp 600w\" sizes=\"(max-width: 46px) 100vw, 46px\" \/><\/p>\n<p><a href=\"https:\/\/splelkowo.pl\/wordpress\/wp-content\/uploads\/2025\/09\/Regulamin-rekrutacji-LOWE.pdf\" target=\"_blank\" rel=\"noopener\">Regulamin rekrutacji i uczestnictwa w projekcie &#8222;Uniwersytet Ludowy Pogranicza&#8221;<\/a><\/p>\n<p>&nbsp;<\/p>\n<p><img decoding=\"async\" class=\"wp-image-1150 alignleft\" src=\"https:\/\/splelkowo.pl\/wordpress\/wp-content\/uploads\/2025\/04\/reka-300x208.webp\" alt=\"\" width=\"46\" height=\"32\" srcset=\"https:\/\/splelkowo.pl\/wordpress\/wp-content\/uploads\/2025\/04\/reka-300x208.webp 300w, https:\/\/splelkowo.pl\/wordpress\/wp-content\/uploads\/2025\/04\/reka.webp 600w\" sizes=\"(max-width: 46px) 100vw, 46px\" \/><\/p>\n<p><a href=\"https:\/\/splelkowo.pl\/wordpress\/wp-content\/uploads\/2025\/09\/1_Formularz-zgloszeniowy_Uczestnika_LOWE.pdf\" target=\"_blank\" rel=\"noopener\">Formularz zg\u0142oszeniowy do projektu \u201eUniwersytet Ludowy Pogranicza\u201d<\/a><\/p>\n<p>&nbsp;<\/p>\n<p><img decoding=\"async\" class=\"wp-image-1150 alignleft\" src=\"https:\/\/splelkowo.pl\/wordpress\/wp-content\/uploads\/2025\/04\/reka-300x208.webp\" alt=\"\" width=\"46\" height=\"32\" srcset=\"https:\/\/splelkowo.pl\/wordpress\/wp-content\/uploads\/2025\/04\/reka-300x208.webp 300w, https:\/\/splelkowo.pl\/wordpress\/wp-content\/uploads\/2025\/04\/reka.webp 600w\" sizes=\"(max-width: 46px) 100vw, 46px\" \/><\/p>\n<p><a href=\"https:\/\/splelkowo.pl\/wordpress\/wp-content\/uploads\/2026\/04\/2_Deklaracja-uczestnictwa-Uczestnika-LOWE-od-1.10.2025.pdf\" target=\"_blank\" rel=\"noopener\">Deklaracja uczestnictwa w ramach projektu pn. \u201eUniwersytet Ludowy Pogranicza\u201d<\/a><\/p>\n<p>&nbsp;<\/p>\n<p>&nbsp;<\/p>\n<p><img decoding=\"async\" class=\"alignnone size-medium wp-image-999\" src=\"https:\/\/splelkowo.pl\/wordpress\/wp-content\/uploads\/2025\/04\/podpisanie-umowy2-300x225.jpg\" alt=\"\" width=\"300\" height=\"225\" srcset=\"https:\/\/splelkowo.pl\/wordpress\/wp-content\/uploads\/2025\/04\/podpisanie-umowy2-300x225.jpg 300w, https:\/\/splelkowo.pl\/wordpress\/wp-content\/uploads\/2025\/04\/podpisanie-umowy2-1024x768.jpg 1024w, https:\/\/splelkowo.pl\/wordpress\/wp-content\/uploads\/2025\/04\/podpisanie-umowy2-768x576.jpg 768w, https:\/\/splelkowo.pl\/wordpress\/wp-content\/uploads\/2025\/04\/podpisanie-umowy2-1536x1152.jpg 1536w, https:\/\/splelkowo.pl\/wordpress\/wp-content\/uploads\/2025\/04\/podpisanie-umowy2.jpg 1600w\" sizes=\"(max-width: 300px) 100vw, 300px\" \/> \u00a0\u00a0\u00a0\u00a0\u00a0\u00a0\u00a0\u00a0\u00a0\u00a0\u00a0\u00a0\u00a0 \u00a0 \u00a0 \u00a0 \u00a0 \u00a0 \u00a0 \u00a0<img loading=\"lazy\" decoding=\"async\" class=\"alignnone size-medium wp-image-1001\" src=\"https:\/\/splelkowo.pl\/wordpress\/wp-content\/uploads\/2025\/04\/podpisanie_umowy-300x225.jpg\" alt=\"\" width=\"300\" height=\"225\" srcset=\"https:\/\/splelkowo.pl\/wordpress\/wp-content\/uploads\/2025\/04\/podpisanie_umowy-300x225.jpg 300w, https:\/\/splelkowo.pl\/wordpress\/wp-content\/uploads\/2025\/04\/podpisanie_umowy-1024x768.jpg 1024w, https:\/\/splelkowo.pl\/wordpress\/wp-content\/uploads\/2025\/04\/podpisanie_umowy-768x576.jpg 768w, https:\/\/splelkowo.pl\/wordpress\/wp-content\/uploads\/2025\/04\/podpisanie_umowy-1536x1152.jpg 1536w, https:\/\/splelkowo.pl\/wordpress\/wp-content\/uploads\/2025\/04\/podpisanie_umowy.jpg 2048w\" sizes=\"(max-width: 300px) 100vw, 300px\" \/><\/p>\n<p>&nbsp;<\/p>\n<h1 style=\"text-align: center;\">ZAJ\u0118CIA W RAMACH PROJEKTU<\/h1>\n<p>&nbsp;<\/p>\n<p>Kurs animatora czasu wolnego- 09.04.2026r.; 17.04.2026r.<\/p>\n<p><a href=\"https:\/\/splelkowo.pl\/wordpress\/kurs-animatora-czasu-wolnego-w-ramach-projektu-ulp\/\">https:\/\/splelkowo.pl\/wordpress\/kurs-animatora-czasu-wolnego-w-ramach-projektu-ulp\/<\/a><\/p>\n<p>&nbsp;<\/p>\n<p>Warsztaty r\u0119kodzielnicze &#8222;Palmy Wielkanocne&#8221;- 25.03.2026r.; 27.03.2026r.<\/p>\n<p><a href=\"https:\/\/splelkowo.pl\/wordpress\/palmy-wielkanocne-warsztaty-rekodzielnicze-w-ramach-projektu-ulp\/\">https:\/\/splelkowo.pl\/wordpress\/palmy-wielkanocne-warsztaty-rekodzielnicze-w-ramach-projektu-ulp\/<\/a><\/p>\n<p>&nbsp;<\/p>\n<p>Warsztaty POWERTEX &#8222;Anio\u0142y- drugie \u017cycie starych rzeczy&#8221;- 14.03.2026r.; 27.03.2026r.<\/p>\n<p><a href=\"https:\/\/splelkowo.pl\/wordpress\/warsztaty-powertex-anioly-drugie-zycie-starych-rzeczy-w-ramach-projektu-ulp\/\">https:\/\/splelkowo.pl\/wordpress\/warsztaty-powertex-anioly-drugie-zycie-starych-rzeczy-w-ramach-projektu-ulp\/<\/a><\/p>\n<p>&nbsp;<\/p>\n<p>Zaj\u0119cia &#8222;Zdrowe od\u017cywianie i zdrowe nawyki \u017cywieniowe w codziennym \u017cyciu&#8221;- 09.03.2026r.; 16.03.2026r.; 08.04.2026r.<\/p>\n<p><a href=\"https:\/\/splelkowo.pl\/wordpress\/zdrowe-odzywianie-i-zdrowe-nawyki-zywieniowe-w-codziennym-zyciu-zajecia-w-ramach-projektu-ulp\/\">https:\/\/splelkowo.pl\/wordpress\/zdrowe-odzywianie-i-zdrowe-nawyki-zywieniowe-w-codziennym-zyciu-zajecia-w-ramach-projektu-ulp\/<\/a><\/p>\n<p>&nbsp;<\/p>\n<p>Warsztaty &#8222;Trzy kroki do pi\u0119kna&#8221;- 26.01.2026r.; 29.01.2026r.; 02.02.2026r.<\/p>\n<p><a href=\"https:\/\/splelkowo.pl\/wordpress\/trzy-kroki-do-piekna-warsztaty-w-ramach-projektu-ulp\/\">https:\/\/splelkowo.pl\/wordpress\/trzy-kroki-do-piekna-warsztaty-w-ramach-projektu-ulp\/<\/a><\/p>\n<p>&nbsp;<\/p>\n<p>Zaj\u0119cia &#8222;Taniec dla zdrowia&#8221;- od 15.01.2026r.<br \/>\n<a href=\"https:\/\/splelkowo.pl\/wordpress\/taniec-dla-zdrowia-zajecia-w-ramach-projektu-ulp\/\">https:\/\/splelkowo.pl\/wordpress\/taniec-dla-zdrowia-zajecia-w-ramach-projektu-ulp\/<\/a><\/p>\n<p>&nbsp;<\/p>\n<p>Warsztaty \u201eSztuka tworzenia kartek bo\u017conarodzeniowych\u201d- 10.12.2025r.<br \/>\n<a href=\"https:\/\/splelkowo.pl\/wordpress\/sztuka-tworzenia-kartek-bozonarodzeniowych-10-12-2025r-w-ramach-projektu-ulp\/\">https:\/\/splelkowo.pl\/wordpress\/sztuka-tworzenia-kartek-bozonarodzeniowych-10-12-2025r-w-ramach-projektu-ulp\/<\/a><\/p>\n<p>&nbsp;<\/p>\n<p>Warsztaty \u201eSkrzatowe r\u0119kodzie\u0142o\u201d- 09.12.2025r.<br \/>\n<a href=\"https:\/\/splelkowo.pl\/wordpress\/skrzatowe-rekodzielo-warsztaty-w-ramach-ulp\/\">https:\/\/splelkowo.pl\/wordpress\/skrzatowe-rekodzielo-warsztaty-w-ramach-ulp\/<\/a><\/p>\n<p>&nbsp;<\/p>\n<p>Warsztaty \u201eStroiki \u015bwi\u0105teczne bo\u017conarodzeniowe\u201d-04.12.2025r.<br \/>\n<a href=\"https:\/\/splelkowo.pl\/wordpress\/stroiki-swiateczne-bozonarodzeniowe-warsztaty-w-ramach-projektu-uniwersytet-ludowy-pogranicza\/\">https:\/\/splelkowo.pl\/wordpress\/stroiki-swiateczne-bozonarodzeniowe-warsztaty-w-ramach-projektu-uniwersytet-ludowy-pogranicza\/<\/a><\/p>\n<p>&nbsp;<\/p>\n<p>Szkolenie &#8222;Sytuacja kryzysowa&#8221;- 02, 04 i 16 grudnia 2025r.<br \/>\n<a href=\"https:\/\/splelkowo.pl\/wordpress\/sytuacje-kryzysowe-szkolenie-w-ramach-projektu-ulp\/\">https:\/\/splelkowo.pl\/wordpress\/sytuacje-kryzysowe-szkolenie-w-ramach-projektu-ulp\/<\/a><\/p>\n<p>&nbsp;<\/p>\n<p>Zaj\u0119cia &#8222;Zdrowy kr\u0119gos\u0142up&#8221;- 08.10-17.12.2025r.<br \/>\n<a href=\"https:\/\/splelkowo.pl\/wordpress\/zdrowy-kregoslup-zajecia-w-ramach-projektu-ulp\/\">https:\/\/splelkowo.pl\/wordpress\/zdrowy-kregoslup-zajecia-w-ramach-projektu-ulp\/<\/a><\/p>\n<p>&nbsp;<\/p>\n","protected":false},"excerpt":{"rendered":"<p>&nbsp; &nbsp; Gmina Barciany jako beneficjent w partnerstwie z gminami: Lelkowo, Braniewo, G\u00f3rowo I\u0142aweckie, S\u0119popol, Srokowo, W\u0119gorzewo, Pozezdrze, Budry, Banie Mazurskie, Go\u0142dap, Dubeninki oraz Stowarzyszeniem Warmi\u0144sko-Mazurskich Samorz\u0105d\u00f3w Pogranicza i Elbl\u0105skim Stowarzyszeniem Wspierania Inicjatyw Pozarz\u0105dowych otrzyma\u0142a dofinansowanie na realizacj\u0119 projektu pt. \u201eUniwersytet Ludowy Pogranicza\u201c w ramach Priorytetu 6. Edukacja i Kompetencje EFS+ programu regionalnego Fundusze Europejskie dla Warmii i Mazur 2021-2027, wsp\u00f3\u0142finansowanego ze \u015brodk\u00f3w Europejskiego Funduszu Spo\u0142ecznego Plus. W ramach tej inicjatywy powstanie przy szko\u0142ach dwana\u015bcie Lokalnych O\u015brodk\u00f3w Wiedzy i Edukacji (LOWE) na terenie gmin pogranicza (Lelkowo, Braniewo, G\u00f3rowo I\u0142aweckie, S\u0119popol, Barciany, Srokowo, W\u0119gorzewo, Pozezdrze, Budry, Banie Mazurskie, Go\u0142dap, Dubeninki). Koordynatorem ponadlokalnym tych LOWE, a zarazem trzynastym o\u015brodkiem, b\u0119dzie kluczowy dla ca\u0142ego projektu Uniwersytet Ludowy Pogranicza, jaki zostanie utworzony przy Gminnym O\u015brodku Kultury w Barcianach. Dzi\u0119ki wdro\u017ceniu projektu wsparcie otrzyma co najmniej 600 mieszka\u0144c\u00f3w gmin pogranicza. G\u0142\u00f3wnym celem projektu jest zwi\u0119kszenie dost\u0119pu do wysokiej jako\u015bci oferty edukacyjnej dla os\u00f3b doros\u0142ych na terenie 12 gmin Pogranicza: Lelkowo, Braniewo, G\u00f3rowo I\u0142aweckie, S\u0119popol, Barciany, Srokowo, W\u0119gorzewo, Pozezdrze, Budry, Banie Mazurskie, Go\u0142dap, Dubeninki, co doprowadzi do wzrostu kompetencji osobistych, spo\u0142ecznych, zawodowych, obywatelskich, rodzicielskich w\u015br\u00f3d co najmniej 600 os\u00f3b doros\u0142ych (450K i 150M), w tym 60 (45K i 15M) w zakresie kompetencji zielonych zamieszkuj\u0105cych na terenie jednej z w\/w gmin, w wyniku utworzenia i dzia\u0142alno\u015bci 12 LOWE (doposa\u017conych w meble i sprz\u0119t) oraz Uniwersytetu Ludowego Pogranicza, prowadz\u0105cych dzia\u0142ania animacyjne wspieraj\u0105ce ide\u0119 uczenia si\u0119 przez ca\u0142e \u017cycie w okresie 01.04.2025-30.09.2026. Dzi\u0119ki Uniwersytetu Ludowego Pogranicza stworzona zostanie tak\u017ce przestrze\u0144 dla integracji mi\u0119dzypokoleniowej, kultywowania tradycji, rozbudzania \u015bwiadomo\u015bci historycznej. Dzi\u0119ki swej stopniowo rozbudowywanej ofercie ULP wraz z 12 LOWE stanie si\u0119 istotnym elementem \u017cycia kulturalno- edukacyjnego na Pograniczu. &nbsp; Ca\u0142kowita warto\u015b\u0107 projektu wynosi\u00a04\u00a0040\u00a0824,00 z\u0142 Wysoko\u015b\u0107 wk\u0142adu z Funduszy Europejskich:\u00a03 279 684,00 z\u0142 #FunduszeEuropejskie #FunduszeUE &nbsp; Regulamin rekrutacji i uczestnictwa w projekcie &#8222;Uniwersytet Ludowy Pogranicza&#8221; &nbsp; Formularz zg\u0142oszeniowy do projektu \u201eUniwersytet Ludowy Pogranicza\u201d &nbsp; Deklaracja uczestnictwa w ramach projektu pn. \u201eUniwersytet Ludowy Pogranicza\u201d &nbsp; &nbsp; \u00a0\u00a0\u00a0\u00a0\u00a0\u00a0\u00a0\u00a0\u00a0\u00a0\u00a0\u00a0\u00a0 \u00a0 \u00a0 \u00a0 \u00a0 \u00a0 \u00a0 \u00a0 &nbsp; ZAJ\u0118CIA W RAMACH PROJEKTU &nbsp; Kurs animatora czasu wolnego- 09.04.2026r.; 17.04.2026r. https:\/\/splelkowo.pl\/wordpress\/kurs-animatora-czasu-wolnego-w-ramach-projektu-ulp\/ &nbsp; Warsztaty r\u0119kodzielnicze &#8222;Palmy Wielkanocne&#8221;- 25.03.2026r.; 27.03.2026r. https:\/\/splelkowo.pl\/wordpress\/palmy-wielkanocne-warsztaty-rekodzielnicze-w-ramach-projektu-ulp\/ &nbsp; Warsztaty POWERTEX &#8222;Anio\u0142y- drugie \u017cycie starych rzeczy&#8221;- 14.03.2026r.; 27.03.2026r. https:\/\/splelkowo.pl\/wordpress\/warsztaty-powertex-anioly-drugie-zycie-starych-rzeczy-w-ramach-projektu-ulp\/ &nbsp; Zaj\u0119cia &#8222;Zdrowe od\u017cywianie i zdrowe nawyki \u017cywieniowe w codziennym \u017cyciu&#8221;- 09.03.2026r.; 16.03.2026r.; 08.04.2026r. https:\/\/splelkowo.pl\/wordpress\/zdrowe-odzywianie-i-zdrowe-nawyki-zywieniowe-w-codziennym-zyciu-zajecia-w-ramach-projektu-ulp\/ &nbsp; Warsztaty &#8222;Trzy kroki do pi\u0119kna&#8221;- 26.01.2026r.; 29.01.2026r.; 02.02.2026r. https:\/\/splelkowo.pl\/wordpress\/trzy-kroki-do-piekna-warsztaty-w-ramach-projektu-ulp\/ &nbsp; Zaj\u0119cia &#8222;Taniec dla zdrowia&#8221;- od 15.01.2026r. https:\/\/splelkowo.pl\/wordpress\/taniec-dla-zdrowia-zajecia-w-ramach-projektu-ulp\/ &nbsp; Warsztaty \u201eSztuka tworzenia kartek bo\u017conarodzeniowych\u201d- 10.12.2025r. https:\/\/splelkowo.pl\/wordpress\/sztuka-tworzenia-kartek-bozonarodzeniowych-10-12-2025r-w-ramach-projektu-ulp\/ &nbsp; Warsztaty \u201eSkrzatowe r\u0119kodzie\u0142o\u201d- 09.12.2025r. https:\/\/splelkowo.pl\/wordpress\/skrzatowe-rekodzielo-warsztaty-w-ramach-ulp\/ &nbsp; Warsztaty \u201eStroiki \u015bwi\u0105teczne bo\u017conarodzeniowe\u201d-04.12.2025r. https:\/\/splelkowo.pl\/wordpress\/stroiki-swiateczne-bozonarodzeniowe-warsztaty-w-ramach-projektu-uniwersytet-ludowy-pogranicza\/ &nbsp; Szkolenie &#8222;Sytuacja kryzysowa&#8221;- 02, 04 i 16 grudnia 2025r. https:\/\/splelkowo.pl\/wordpress\/sytuacje-kryzysowe-szkolenie-w-ramach-projektu-ulp\/ &nbsp; Zaj\u0119cia &#8222;Zdrowy kr\u0119gos\u0142up&#8221;- 08.10-17.12.2025r. https:\/\/splelkowo.pl\/wordpress\/zdrowy-kregoslup-zajecia-w-ramach-projektu-ulp\/ &nbsp;<\/p>\n","protected":false},"author":2,"featured_media":0,"comment_status":"closed","ping_status":"closed","sticky":false,"template":"","format":"standard","meta":{"site-sidebar-layout":"default","site-content-layout":"","ast-site-content-layout":"default","site-content-style":"default","site-sidebar-style":"default","ast-global-header-display":"","ast-banner-title-visibility":"","ast-main-header-display":"","ast-hfb-above-header-display":"","ast-hfb-below-header-display":"","ast-hfb-mobile-header-display":"","site-post-title":"","ast-breadcrumbs-content":"","ast-featured-img":"","footer-sml-layout":"","ast-disable-related-posts":"","theme-transparent-header-meta":"default","adv-header-id-meta":"","stick-header-meta":"","header-above-stick-meta":"","header-main-stick-meta":"","header-below-stick-meta":"","astra-migrate-meta-layouts":"set","ast-page-background-enabled":"default","ast-page-background-meta":{"desktop":{"background-color":"var(--ast-global-color-4)","background-image":"","background-repeat":"repeat","background-position":"center center","background-size":"auto","background-attachment":"scroll","background-type":"","background-media":"","overlay-type":"","overlay-color":"","overlay-opacity":"","overlay-gradient":""},"tablet":{"background-color":"","background-image":"","background-repeat":"repeat","background-position":"center center","background-size":"auto","background-attachment":"scroll","background-type":"","background-media":"","overlay-type":"","overlay-color":"","overlay-opacity":"","overlay-gradient":""},"mobile":{"background-color":"","background-image":"","background-repeat":"repeat","background-position":"center center","background-size":"auto","background-attachment":"scroll","background-type":"","background-media":"","overlay-type":"","overlay-color":"","overlay-opacity":"","overlay-gradient":""}},"ast-content-background-meta":{"desktop":{"background-color":"var(--ast-global-color-5)","background-image":"","background-repeat":"repeat","background-position":"center center","background-size":"auto","background-attachment":"scroll","background-type":"","background-media":"","overlay-type":"","overlay-color":"","overlay-opacity":"","overlay-gradient":""},"tablet":{"background-color":"var(--ast-global-color-5)","background-image":"","background-repeat":"repeat","background-position":"center center","background-size":"auto","background-attachment":"scroll","background-type":"","background-media":"","overlay-type":"","overlay-color":"","overlay-opacity":"","overlay-gradient":""},"mobile":{"background-color":"var(--ast-global-color-5)","background-image":"","background-repeat":"repeat","background-position":"center center","background-size":"auto","background-attachment":"scroll","background-type":"","background-media":"","overlay-type":"","overlay-color":"","overlay-opacity":"","overlay-gradient":""}},"footnotes":""},"categories":[4],"tags":[],"class_list":["post-1024","post","type-post","status-publish","format-standard","hentry","category-aktualnosci"],"_links":{"self":[{"href":"https:\/\/splelkowo.pl\/wordpress\/wp-json\/wp\/v2\/posts\/1024","targetHints":{"allow":["GET"]}}],"collection":[{"href":"https:\/\/splelkowo.pl\/wordpress\/wp-json\/wp\/v2\/posts"}],"about":[{"href":"https:\/\/splelkowo.pl\/wordpress\/wp-json\/wp\/v2\/types\/post"}],"author":[{"embeddable":true,"href":"https:\/\/splelkowo.pl\/wordpress\/wp-json\/wp\/v2\/users\/2"}],"replies":[{"embeddable":true,"href":"https:\/\/splelkowo.pl\/wordpress\/wp-json\/wp\/v2\/comments?post=1024"}],"version-history":[{"count":12,"href":"https:\/\/splelkowo.pl\/wordpress\/wp-json\/wp\/v2\/posts\/1024\/revisions"}],"predecessor-version":[{"id":2330,"href":"https:\/\/splelkowo.pl\/wordpress\/wp-json\/wp\/v2\/posts\/1024\/revisions\/2330"}],"wp:attachment":[{"href":"https:\/\/splelkowo.pl\/wordpress\/wp-json\/wp\/v2\/media?parent=1024"}],"wp:term":[{"taxonomy":"category","embeddable":true,"href":"https:\/\/splelkowo.pl\/wordpress\/wp-json\/wp\/v2\/categories?post=1024"},{"taxonomy":"post_tag","embeddable":true,"href":"https:\/\/splelkowo.pl\/wordpress\/wp-json\/wp\/v2\/tags?post=1024"}],"curies":[{"name":"wp","href":"https:\/\/api.w.org\/{rel}","templated":true}]}}