{"id":1100,"date":"2025-05-10T18:41:13","date_gmt":"2025-05-10T16:41:13","guid":{"rendered":"https:\/\/splelkowo.pl\/wordpress\/?p=1100"},"modified":"2025-05-10T18:46:17","modified_gmt":"2025-05-10T16:46:17","slug":"pokaz-mody-patriotycznej","status":"publish","type":"post","link":"https:\/\/splelkowo.pl\/wordpress\/pokaz-mody-patriotycznej\/","title":{"rendered":"Pokaz mody patriotycznej"},"content":{"rendered":"<p>W czwartek 8 maja w naszej szkole odby\u0142 si\u0119 pokaz mody patriotycznej, w kt\u00f3rym wzi\u0119\u0142y udzia\u0142 dzieci z oddzia\u0142u przedszkolnego i punktu przedszkolnego. Przedszkolaki ubrane w stroje w barwach narodowych, nawi\u0105zuj\u0105ce w swojej estetyce do polskiej kultury lub historii, zaprezentowa\u0142y si\u0119 na bia\u0142o-czerwonym wybiegu. Wydarzenie to by\u0142o bardzo ekscytuj\u0105ce dla dzieci i sprawi\u0142o im wiele rado\u015bci.<\/p>\n<p>Serdecznie dzi\u0119kujemy rodzicom za aktywne w\u0142\u0105czenie si\u0119 do tej akcji poprzez przygotowanie pi\u0119knych stroj\u00f3w.<\/p>\n<div id='gallery-1' class='gallery galleryid-1100 gallery-columns-3 gallery-size-medium'><figure class='gallery-item'>\n\t\t\t<div class='gallery-icon portrait'>\n\t\t\t\t<a href='https:\/\/splelkowo.pl\/wordpress\/pokaz-mody-patriotycznej\/5-2\/'><img fetchpriority=\"high\" decoding=\"async\" width=\"252\" height=\"300\" src=\"https:\/\/splelkowo.pl\/wordpress\/wp-content\/uploads\/2025\/05\/5-252x300.jpg\" class=\"attachment-medium size-medium\" alt=\"\" srcset=\"https:\/\/splelkowo.pl\/wordpress\/wp-content\/uploads\/2025\/05\/5-252x300.jpg 252w, https:\/\/splelkowo.pl\/wordpress\/wp-content\/uploads\/2025\/05\/5-768x916.jpg 768w, https:\/\/splelkowo.pl\/wordpress\/wp-content\/uploads\/2025\/05\/5.jpg 805w\" sizes=\"(max-width: 252px) 100vw, 252px\" \/><\/a>\n\t\t\t<\/div><\/figure><figure class='gallery-item'>\n\t\t\t<div class='gallery-icon portrait'>\n\t\t\t\t<a href='https:\/\/splelkowo.pl\/wordpress\/pokaz-mody-patriotycznej\/4-2\/'><img decoding=\"async\" width=\"262\" height=\"300\" src=\"https:\/\/splelkowo.pl\/wordpress\/wp-content\/uploads\/2025\/05\/4-262x300.jpg\" class=\"attachment-medium size-medium\" alt=\"\" srcset=\"https:\/\/splelkowo.pl\/wordpress\/wp-content\/uploads\/2025\/05\/4-262x300.jpg 262w, https:\/\/splelkowo.pl\/wordpress\/wp-content\/uploads\/2025\/05\/4-768x881.jpg 768w, https:\/\/splelkowo.pl\/wordpress\/wp-content\/uploads\/2025\/05\/4.jpg 837w\" sizes=\"(max-width: 262px) 100vw, 262px\" \/><\/a>\n\t\t\t<\/div><\/figure><figure class='gallery-item'>\n\t\t\t<div class='gallery-icon portrait'>\n\t\t\t\t<a href='https:\/\/splelkowo.pl\/wordpress\/pokaz-mody-patriotycznej\/3-2\/'><img decoding=\"async\" width=\"208\" height=\"300\" src=\"https:\/\/splelkowo.pl\/wordpress\/wp-content\/uploads\/2025\/05\/3-208x300.jpg\" class=\"attachment-medium size-medium\" alt=\"\" srcset=\"https:\/\/splelkowo.pl\/wordpress\/wp-content\/uploads\/2025\/05\/3-208x300.jpg 208w, https:\/\/splelkowo.pl\/wordpress\/wp-content\/uploads\/2025\/05\/3.jpg 667w\" sizes=\"(max-width: 208px) 100vw, 208px\" \/><\/a>\n\t\t\t<\/div><\/figure><figure class='gallery-item'>\n\t\t\t<div class='gallery-icon portrait'>\n\t\t\t\t<a href='https:\/\/splelkowo.pl\/wordpress\/pokaz-mody-patriotycznej\/2-2\/'><img loading=\"lazy\" decoding=\"async\" width=\"225\" height=\"300\" src=\"https:\/\/splelkowo.pl\/wordpress\/wp-content\/uploads\/2025\/05\/2-225x300.jpg\" class=\"attachment-medium size-medium\" alt=\"\" srcset=\"https:\/\/splelkowo.pl\/wordpress\/wp-content\/uploads\/2025\/05\/2-225x300.jpg 225w, https:\/\/splelkowo.pl\/wordpress\/wp-content\/uploads\/2025\/05\/2.jpg 720w\" sizes=\"(max-width: 225px) 100vw, 225px\" \/><\/a>\n\t\t\t<\/div><\/figure><figure class='gallery-item'>\n\t\t\t<div class='gallery-icon portrait'>\n\t\t\t\t<a href='https:\/\/splelkowo.pl\/wordpress\/pokaz-mody-patriotycznej\/1-2\/'><img loading=\"lazy\" decoding=\"async\" width=\"206\" height=\"300\" src=\"https:\/\/splelkowo.pl\/wordpress\/wp-content\/uploads\/2025\/05\/1-206x300.jpg\" class=\"attachment-medium size-medium\" alt=\"\" srcset=\"https:\/\/splelkowo.pl\/wordpress\/wp-content\/uploads\/2025\/05\/1-206x300.jpg 206w, https:\/\/splelkowo.pl\/wordpress\/wp-content\/uploads\/2025\/05\/1.jpg 658w\" sizes=\"(max-width: 206px) 100vw, 206px\" \/><\/a>\n\t\t\t<\/div><\/figure><figure class='gallery-item'>\n\t\t\t<div class='gallery-icon portrait'>\n\t\t\t\t<a href='https:\/\/splelkowo.pl\/wordpress\/pokaz-mody-patriotycznej\/pp-4\/'><img loading=\"lazy\" decoding=\"async\" width=\"262\" height=\"300\" src=\"https:\/\/splelkowo.pl\/wordpress\/wp-content\/uploads\/2025\/05\/PP-262x300.jpg\" class=\"attachment-medium size-medium\" alt=\"\" srcset=\"https:\/\/splelkowo.pl\/wordpress\/wp-content\/uploads\/2025\/05\/PP-262x300.jpg 262w, https:\/\/splelkowo.pl\/wordpress\/wp-content\/uploads\/2025\/05\/PP-768x880.jpg 768w, https:\/\/splelkowo.pl\/wordpress\/wp-content\/uploads\/2025\/05\/PP.jpg 838w\" sizes=\"(max-width: 262px) 100vw, 262px\" \/><\/a>\n\t\t\t<\/div><\/figure><figure class='gallery-item'>\n\t\t\t<div class='gallery-icon portrait'>\n\t\t\t\t<a href='https:\/\/splelkowo.pl\/wordpress\/pokaz-mody-patriotycznej\/zerowka\/'><img loading=\"lazy\" decoding=\"async\" width=\"275\" height=\"300\" src=\"https:\/\/splelkowo.pl\/wordpress\/wp-content\/uploads\/2025\/05\/zerowka-275x300.jpg\" class=\"attachment-medium size-medium\" alt=\"\" srcset=\"https:\/\/splelkowo.pl\/wordpress\/wp-content\/uploads\/2025\/05\/zerowka-275x300.jpg 275w, https:\/\/splelkowo.pl\/wordpress\/wp-content\/uploads\/2025\/05\/zerowka-768x838.jpg 768w, https:\/\/splelkowo.pl\/wordpress\/wp-content\/uploads\/2025\/05\/zerowka.jpg 880w\" sizes=\"(max-width: 275px) 100vw, 275px\" \/><\/a>\n\t\t\t<\/div><\/figure>\n\t\t<\/div>\n\n<p>&nbsp;<\/p>\n","protected":false},"excerpt":{"rendered":"<p>W czwartek 8 maja w naszej szkole odby\u0142 si\u0119 pokaz mody patriotycznej, w kt\u00f3rym wzi\u0119\u0142y udzia\u0142 dzieci z oddzia\u0142u przedszkolnego i punktu przedszkolnego. Przedszkolaki ubrane w stroje w barwach narodowych, nawi\u0105zuj\u0105ce w swojej estetyce do polskiej kultury lub historii, zaprezentowa\u0142y si\u0119 na bia\u0142o-czerwonym wybiegu. Wydarzenie to by\u0142o bardzo ekscytuj\u0105ce dla dzieci i sprawi\u0142o im wiele rado\u015bci. Serdecznie dzi\u0119kujemy rodzicom za aktywne w\u0142\u0105czenie si\u0119 do tej akcji poprzez przygotowanie pi\u0119knych stroj\u00f3w. &nbsp;<\/p>\n","protected":false},"author":2,"featured_media":1108,"comment_status":"closed","ping_status":"closed","sticky":false,"template":"","format":"standard","meta":{"site-sidebar-layout":"default","site-content-layout":"","ast-site-content-layout":"default","site-content-style":"default","site-sidebar-style":"default","ast-global-header-display":"","ast-banner-title-visibility":"","ast-main-header-display":"","ast-hfb-above-header-display":"","ast-hfb-below-header-display":"","ast-hfb-mobile-header-display":"","site-post-title":"","ast-breadcrumbs-content":"","ast-featured-img":"","footer-sml-layout":"","ast-disable-related-posts":"","theme-transparent-header-meta":"default","adv-header-id-meta":"","stick-header-meta":"","header-above-stick-meta":"","header-main-stick-meta":"","header-below-stick-meta":"","astra-migrate-meta-layouts":"set","ast-page-background-enabled":"default","ast-page-background-meta":{"desktop":{"background-color":"var(--ast-global-color-4)","background-image":"","background-repeat":"repeat","background-position":"center center","background-size":"auto","background-attachment":"scroll","background-type":"","background-media":"","overlay-type":"","overlay-color":"","overlay-opacity":"","overlay-gradient":""},"tablet":{"background-color":"","background-image":"","background-repeat":"repeat","background-position":"center center","background-size":"auto","background-attachment":"scroll","background-type":"","background-media":"","overlay-type":"","overlay-color":"","overlay-opacity":"","overlay-gradient":""},"mobile":{"background-color":"","background-image":"","background-repeat":"repeat","background-position":"center center","background-size":"auto","background-attachment":"scroll","background-type":"","background-media":"","overlay-type":"","overlay-color":"","overlay-opacity":"","overlay-gradient":""}},"ast-content-background-meta":{"desktop":{"background-color":"var(--ast-global-color-5)","background-image":"","background-repeat":"repeat","background-position":"center center","background-size":"auto","background-attachment":"scroll","background-type":"","background-media":"","overlay-type":"","overlay-color":"","overlay-opacity":"","overlay-gradient":""},"tablet":{"background-color":"var(--ast-global-color-5)","background-image":"","background-repeat":"repeat","background-position":"center center","background-size":"auto","background-attachment":"scroll","background-type":"","background-media":"","overlay-type":"","overlay-color":"","overlay-opacity":"","overlay-gradient":""},"mobile":{"background-color":"var(--ast-global-color-5)","background-image":"","background-repeat":"repeat","background-position":"center center","background-size":"auto","background-attachment":"scroll","background-type":"","background-media":"","overlay-type":"","overlay-color":"","overlay-opacity":"","overlay-gradient":""}},"footnotes":""},"categories":[4],"tags":[],"class_list":["post-1100","post","type-post","status-publish","format-standard","has-post-thumbnail","hentry","category-aktualnosci"],"_links":{"self":[{"href":"https:\/\/splelkowo.pl\/wordpress\/wp-json\/wp\/v2\/posts\/1100","targetHints":{"allow":["GET"]}}],"collection":[{"href":"https:\/\/splelkowo.pl\/wordpress\/wp-json\/wp\/v2\/posts"}],"about":[{"href":"https:\/\/splelkowo.pl\/wordpress\/wp-json\/wp\/v2\/types\/post"}],"author":[{"embeddable":true,"href":"https:\/\/splelkowo.pl\/wordpress\/wp-json\/wp\/v2\/users\/2"}],"replies":[{"embeddable":true,"href":"https:\/\/splelkowo.pl\/wordpress\/wp-json\/wp\/v2\/comments?post=1100"}],"version-history":[{"count":1,"href":"https:\/\/splelkowo.pl\/wordpress\/wp-json\/wp\/v2\/posts\/1100\/revisions"}],"predecessor-version":[{"id":1109,"href":"https:\/\/splelkowo.pl\/wordpress\/wp-json\/wp\/v2\/posts\/1100\/revisions\/1109"}],"wp:featuredmedia":[{"embeddable":true,"href":"https:\/\/splelkowo.pl\/wordpress\/wp-json\/wp\/v2\/media\/1108"}],"wp:attachment":[{"href":"https:\/\/splelkowo.pl\/wordpress\/wp-json\/wp\/v2\/media?parent=1100"}],"wp:term":[{"taxonomy":"category","embeddable":true,"href":"https:\/\/splelkowo.pl\/wordpress\/wp-json\/wp\/v2\/categories?post=1100"},{"taxonomy":"post_tag","embeddable":true,"href":"https:\/\/splelkowo.pl\/wordpress\/wp-json\/wp\/v2\/tags?post=1100"}],"curies":[{"name":"wp","href":"https:\/\/api.w.org\/{rel}","templated":true}]}}