{"id":1164,"date":"2025-06-08T19:04:12","date_gmt":"2025-06-08T17:04:12","guid":{"rendered":"https:\/\/splelkowo.pl\/wordpress\/?p=1164"},"modified":"2025-06-08T19:04:12","modified_gmt":"2025-06-08T17:04:12","slug":"dzien-dziecka","status":"publish","type":"post","link":"https:\/\/splelkowo.pl\/wordpress\/dzien-dziecka\/","title":{"rendered":"Dzie\u0144 Dziecka"},"content":{"rendered":"<div class=\"html-div xdj266r x14z9mp xat24cr x1lziwak xexx8yu xyri2b x18d9i69 x1c1uobl\" dir=\"auto\">\n<div class=\"html-div xdj266r x14z9mp xat24cr x1lziwak xexx8yu xyri2b x18d9i69 x1c1uobl\" data-ad-rendering-role=\"story_message\">\n<div id=\"_r_3tj_\" class=\"x1l90r2v x1iorvi4 x1g0dm76 xpdmqnj\" data-ad-comet-preview=\"message\" data-ad-preview=\"message\">\n<div class=\"x78zum5 xdt5ytf xz62fqu x16ldp7u\">\n<div class=\"xu06os2 x1ok221b\">\n<div class=\"html-div xdj266r x14z9mp xat24cr x1lziwak xexx8yu xyri2b x18d9i69 x1c1uobl\">\n<div class=\"xdj266r x14z9mp xat24cr x1lziwak x1vvkbs x126k92a\">\n<div dir=\"auto\">W pi\u0105tek, 30 maja 2025 roku, w Szkole Podstawowej im. Or\u0142a Bia\u0142ego w Lelkowie odby\u0142y si\u0119 obchody Dnia Dziecka pod has\u0142em \u201e\u017byjmy zdrowo\u201d.<\/div>\n<div dir=\"auto\">Naszymi go\u015b\u0107mi byli uczniowie oraz nauczyciele ze Szko\u0142y Podstawowej w Zagajach.<\/div>\n<div dir=\"auto\">Program wydarzenia obejmowa\u0142:<\/div>\n<div dir=\"auto\">\u2022 zaj\u0119cia z wychowawc\u0105 i przygotowanie do zawod\u00f3w biegowych,<\/div>\n<div dir=\"auto\">\u2022 rozstrzygni\u0119cie turnieju szachowego,<\/div>\n<div dir=\"auto\">\u2022 zawody sportowe na boisku szkolnym,<\/div>\n<div dir=\"auto\">\u2022 pocz\u0119stunek \u2013 kie\u0142baska z chlebem i napoje, ufundowane przez Sp\u00f3\u0142dzielni\u0119 Socjaln\u0105 S\u0105siedzi,<\/div>\n<\/div>\n<div class=\"x14z9mp xat24cr x1lziwak x1vvkbs xtlvy1s x126k92a\">\n<div dir=\"auto\">Dzieci z oddzia\u0142\u00f3w przedszkolnych oraz punktu przedszkolnego otrzyma\u0142y pami\u0105tkowe medale. W rywalizacji klas I\u2013VIII wyr\u00f3\u017cniono trzy najlepsze miejsca w ka\u017cdej kategorii. Wszyscy uczestnicy otrzymali r\u00f3wnie\u017c s\u0142odki pocz\u0119stunek.<\/div>\n<div dir=\"auto\">Medale i czekolady zosta\u0142y ufundowane przez W\u00f3jta Gminy Lelkowo, pana \u0141ukasza Skrzeszewskiego.<\/div>\n<\/div>\n<div class=\"x14z9mp xat24cr x1lziwak x1vvkbs xtlvy1s x126k92a\">\n<div dir=\"auto\">Wydarzenie dofinansowane \u00a0ze \u015brodk\u00f3w Gminnego Programu Profilaktyki i Rozwi\u0105zywania Problem\u00f3w Alkoholowych oraz Przeciwdzia\u0142ania Narkomanii.<\/div>\n<\/div>\n<\/div>\n<\/div>\n<\/div>\n<\/div>\n<\/div>\n<\/div>\n<div dir=\"auto\">\n<div id='gallery-1' class='gallery galleryid-1164 gallery-columns-4 gallery-size-medium'><figure class='gallery-item'>\n\t\t\t<div class='gallery-icon landscape'>\n\t\t\t\t<a href='https:\/\/splelkowo.pl\/wordpress\/dzien-dziecka\/straz-pozarna-1\/'><img fetchpriority=\"high\" decoding=\"async\" width=\"300\" height=\"169\" src=\"https:\/\/splelkowo.pl\/wordpress\/wp-content\/uploads\/2025\/06\/Straz-pozarna-1-300x169.jpg\" class=\"attachment-medium size-medium\" alt=\"\" srcset=\"https:\/\/splelkowo.pl\/wordpress\/wp-content\/uploads\/2025\/06\/Straz-pozarna-1-300x169.jpg 300w, https:\/\/splelkowo.pl\/wordpress\/wp-content\/uploads\/2025\/06\/Straz-pozarna-1-1024x576.jpg 1024w, https:\/\/splelkowo.pl\/wordpress\/wp-content\/uploads\/2025\/06\/Straz-pozarna-1-768x432.jpg 768w, https:\/\/splelkowo.pl\/wordpress\/wp-content\/uploads\/2025\/06\/Straz-pozarna-1-1536x864.jpg 1536w, https:\/\/splelkowo.pl\/wordpress\/wp-content\/uploads\/2025\/06\/Straz-pozarna-1.jpg 1600w\" sizes=\"(max-width: 300px) 100vw, 300px\" \/><\/a>\n\t\t\t<\/div><\/figure><figure class='gallery-item'>\n\t\t\t<div class='gallery-icon landscape'>\n\t\t\t\t<a href='https:\/\/splelkowo.pl\/wordpress\/dzien-dziecka\/straz-pozarna-2\/'><img decoding=\"async\" width=\"300\" height=\"169\" src=\"https:\/\/splelkowo.pl\/wordpress\/wp-content\/uploads\/2025\/06\/Straz-pozarna-2-300x169.jpg\" class=\"attachment-medium size-medium\" alt=\"\" srcset=\"https:\/\/splelkowo.pl\/wordpress\/wp-content\/uploads\/2025\/06\/Straz-pozarna-2-300x169.jpg 300w, https:\/\/splelkowo.pl\/wordpress\/wp-content\/uploads\/2025\/06\/Straz-pozarna-2-1024x576.jpg 1024w, https:\/\/splelkowo.pl\/wordpress\/wp-content\/uploads\/2025\/06\/Straz-pozarna-2-768x432.jpg 768w, https:\/\/splelkowo.pl\/wordpress\/wp-content\/uploads\/2025\/06\/Straz-pozarna-2-1536x864.jpg 1536w, https:\/\/splelkowo.pl\/wordpress\/wp-content\/uploads\/2025\/06\/Straz-pozarna-2.jpg 1600w\" sizes=\"(max-width: 300px) 100vw, 300px\" \/><\/a>\n\t\t\t<\/div><\/figure><figure class='gallery-item'>\n\t\t\t<div class='gallery-icon landscape'>\n\t\t\t\t<a href='https:\/\/splelkowo.pl\/wordpress\/dzien-dziecka\/straz-pozarna-3\/'><img decoding=\"async\" width=\"300\" height=\"169\" src=\"https:\/\/splelkowo.pl\/wordpress\/wp-content\/uploads\/2025\/06\/Straz-pozarna-3-300x169.jpg\" class=\"attachment-medium size-medium\" alt=\"\" srcset=\"https:\/\/splelkowo.pl\/wordpress\/wp-content\/uploads\/2025\/06\/Straz-pozarna-3-300x169.jpg 300w, https:\/\/splelkowo.pl\/wordpress\/wp-content\/uploads\/2025\/06\/Straz-pozarna-3-1024x576.jpg 1024w, https:\/\/splelkowo.pl\/wordpress\/wp-content\/uploads\/2025\/06\/Straz-pozarna-3-768x432.jpg 768w, https:\/\/splelkowo.pl\/wordpress\/wp-content\/uploads\/2025\/06\/Straz-pozarna-3-1536x864.jpg 1536w, https:\/\/splelkowo.pl\/wordpress\/wp-content\/uploads\/2025\/06\/Straz-pozarna-3.jpg 1600w\" sizes=\"(max-width: 300px) 100vw, 300px\" \/><\/a>\n\t\t\t<\/div><\/figure><figure class='gallery-item'>\n\t\t\t<div class='gallery-icon landscape'>\n\t\t\t\t<a href='https:\/\/splelkowo.pl\/wordpress\/dzien-dziecka\/straz-graniczna-1\/'><img loading=\"lazy\" decoding=\"async\" width=\"300\" height=\"300\" src=\"https:\/\/splelkowo.pl\/wordpress\/wp-content\/uploads\/2025\/06\/straz-graniczna-1-300x300.jpeg\" class=\"attachment-medium size-medium\" alt=\"\" srcset=\"https:\/\/splelkowo.pl\/wordpress\/wp-content\/uploads\/2025\/06\/straz-graniczna-1-300x300.jpeg 300w, https:\/\/splelkowo.pl\/wordpress\/wp-content\/uploads\/2025\/06\/straz-graniczna-1-1024x1024.jpeg 1024w, https:\/\/splelkowo.pl\/wordpress\/wp-content\/uploads\/2025\/06\/straz-graniczna-1-150x150.jpeg 150w, https:\/\/splelkowo.pl\/wordpress\/wp-content\/uploads\/2025\/06\/straz-graniczna-1-768x768.jpeg 768w, https:\/\/splelkowo.pl\/wordpress\/wp-content\/uploads\/2025\/06\/straz-graniczna-1.jpeg 1496w\" sizes=\"(max-width: 300px) 100vw, 300px\" \/><\/a>\n\t\t\t<\/div><\/figure><figure class='gallery-item'>\n\t\t\t<div class='gallery-icon landscape'>\n\t\t\t\t<a href='https:\/\/splelkowo.pl\/wordpress\/dzien-dziecka\/straz-graniczna-2\/'><img loading=\"lazy\" decoding=\"async\" width=\"300\" height=\"300\" src=\"https:\/\/splelkowo.pl\/wordpress\/wp-content\/uploads\/2025\/06\/straz-graniczna-2-300x300.jpeg\" class=\"attachment-medium size-medium\" alt=\"\" srcset=\"https:\/\/splelkowo.pl\/wordpress\/wp-content\/uploads\/2025\/06\/straz-graniczna-2-300x300.jpeg 300w, https:\/\/splelkowo.pl\/wordpress\/wp-content\/uploads\/2025\/06\/straz-graniczna-2-1024x1024.jpeg 1024w, https:\/\/splelkowo.pl\/wordpress\/wp-content\/uploads\/2025\/06\/straz-graniczna-2-150x150.jpeg 150w, https:\/\/splelkowo.pl\/wordpress\/wp-content\/uploads\/2025\/06\/straz-graniczna-2-768x768.jpeg 768w, https:\/\/splelkowo.pl\/wordpress\/wp-content\/uploads\/2025\/06\/straz-graniczna-2.jpeg 1496w\" sizes=\"(max-width: 300px) 100vw, 300px\" \/><\/a>\n\t\t\t<\/div><\/figure><figure class='gallery-item'>\n\t\t\t<div class='gallery-icon landscape'>\n\t\t\t\t<a href='https:\/\/splelkowo.pl\/wordpress\/dzien-dziecka\/bieg\/'><img loading=\"lazy\" decoding=\"async\" width=\"300\" height=\"135\" src=\"https:\/\/splelkowo.pl\/wordpress\/wp-content\/uploads\/2025\/06\/bieg-300x135.jpeg\" class=\"attachment-medium size-medium\" alt=\"\" srcset=\"https:\/\/splelkowo.pl\/wordpress\/wp-content\/uploads\/2025\/06\/bieg-300x135.jpeg 300w, https:\/\/splelkowo.pl\/wordpress\/wp-content\/uploads\/2025\/06\/bieg-1024x461.jpeg 1024w, https:\/\/splelkowo.pl\/wordpress\/wp-content\/uploads\/2025\/06\/bieg-768x346.jpeg 768w, https:\/\/splelkowo.pl\/wordpress\/wp-content\/uploads\/2025\/06\/bieg-1536x692.jpeg 1536w, https:\/\/splelkowo.pl\/wordpress\/wp-content\/uploads\/2025\/06\/bieg.jpeg 1600w\" sizes=\"(max-width: 300px) 100vw, 300px\" \/><\/a>\n\t\t\t<\/div><\/figure><figure class='gallery-item'>\n\t\t\t<div class='gallery-icon landscape'>\n\t\t\t\t<a href='https:\/\/splelkowo.pl\/wordpress\/dzien-dziecka\/szachy-2\/'><img loading=\"lazy\" decoding=\"async\" width=\"300\" height=\"300\" src=\"https:\/\/splelkowo.pl\/wordpress\/wp-content\/uploads\/2025\/06\/szachy-300x300.jpeg\" class=\"attachment-medium size-medium\" alt=\"\" srcset=\"https:\/\/splelkowo.pl\/wordpress\/wp-content\/uploads\/2025\/06\/szachy-300x300.jpeg 300w, https:\/\/splelkowo.pl\/wordpress\/wp-content\/uploads\/2025\/06\/szachy-1024x1024.jpeg 1024w, https:\/\/splelkowo.pl\/wordpress\/wp-content\/uploads\/2025\/06\/szachy-150x150.jpeg 150w, https:\/\/splelkowo.pl\/wordpress\/wp-content\/uploads\/2025\/06\/szachy-768x768.jpeg 768w, https:\/\/splelkowo.pl\/wordpress\/wp-content\/uploads\/2025\/06\/szachy.jpeg 1496w\" sizes=\"(max-width: 300px) 100vw, 300px\" \/><\/a>\n\t\t\t<\/div><\/figure><figure class='gallery-item'>\n\t\t\t<div class='gallery-icon landscape'>\n\t\t\t\t<a href='https:\/\/splelkowo.pl\/wordpress\/dzien-dziecka\/medale-1\/'><img loading=\"lazy\" decoding=\"async\" width=\"300\" height=\"135\" src=\"https:\/\/splelkowo.pl\/wordpress\/wp-content\/uploads\/2025\/06\/medale-1-300x135.jpeg\" class=\"attachment-medium size-medium\" alt=\"\" srcset=\"https:\/\/splelkowo.pl\/wordpress\/wp-content\/uploads\/2025\/06\/medale-1-300x135.jpeg 300w, https:\/\/splelkowo.pl\/wordpress\/wp-content\/uploads\/2025\/06\/medale-1-1024x461.jpeg 1024w, https:\/\/splelkowo.pl\/wordpress\/wp-content\/uploads\/2025\/06\/medale-1-768x346.jpeg 768w, https:\/\/splelkowo.pl\/wordpress\/wp-content\/uploads\/2025\/06\/medale-1-1536x691.jpeg 1536w, https:\/\/splelkowo.pl\/wordpress\/wp-content\/uploads\/2025\/06\/medale-1.jpeg 1600w\" sizes=\"(max-width: 300px) 100vw, 300px\" \/><\/a>\n\t\t\t<\/div><\/figure><figure class='gallery-item'>\n\t\t\t<div class='gallery-icon landscape'>\n\t\t\t\t<a href='https:\/\/splelkowo.pl\/wordpress\/dzien-dziecka\/medale-2\/'><img loading=\"lazy\" decoding=\"async\" width=\"300\" height=\"135\" src=\"https:\/\/splelkowo.pl\/wordpress\/wp-content\/uploads\/2025\/06\/medale-2-300x135.jpeg\" class=\"attachment-medium size-medium\" alt=\"\" srcset=\"https:\/\/splelkowo.pl\/wordpress\/wp-content\/uploads\/2025\/06\/medale-2-300x135.jpeg 300w, https:\/\/splelkowo.pl\/wordpress\/wp-content\/uploads\/2025\/06\/medale-2-1024x461.jpeg 1024w, https:\/\/splelkowo.pl\/wordpress\/wp-content\/uploads\/2025\/06\/medale-2-768x346.jpeg 768w, https:\/\/splelkowo.pl\/wordpress\/wp-content\/uploads\/2025\/06\/medale-2-1536x691.jpeg 1536w, https:\/\/splelkowo.pl\/wordpress\/wp-content\/uploads\/2025\/06\/medale-2.jpeg 2000w\" sizes=\"(max-width: 300px) 100vw, 300px\" \/><\/a>\n\t\t\t<\/div><\/figure><figure class='gallery-item'>\n\t\t\t<div class='gallery-icon landscape'>\n\t\t\t\t<a href='https:\/\/splelkowo.pl\/wordpress\/dzien-dziecka\/medale-3\/'><img loading=\"lazy\" decoding=\"async\" width=\"300\" height=\"135\" src=\"https:\/\/splelkowo.pl\/wordpress\/wp-content\/uploads\/2025\/06\/medale-3-300x135.jpeg\" class=\"attachment-medium size-medium\" alt=\"\" srcset=\"https:\/\/splelkowo.pl\/wordpress\/wp-content\/uploads\/2025\/06\/medale-3-300x135.jpeg 300w, https:\/\/splelkowo.pl\/wordpress\/wp-content\/uploads\/2025\/06\/medale-3-1024x461.jpeg 1024w, https:\/\/splelkowo.pl\/wordpress\/wp-content\/uploads\/2025\/06\/medale-3-768x346.jpeg 768w, https:\/\/splelkowo.pl\/wordpress\/wp-content\/uploads\/2025\/06\/medale-3-1536x691.jpeg 1536w, https:\/\/splelkowo.pl\/wordpress\/wp-content\/uploads\/2025\/06\/medale-3.jpeg 1600w\" sizes=\"(max-width: 300px) 100vw, 300px\" \/><\/a>\n\t\t\t<\/div><\/figure><figure class='gallery-item'>\n\t\t\t<div class='gallery-icon landscape'>\n\t\t\t\t<a href='https:\/\/splelkowo.pl\/wordpress\/dzien-dziecka\/medale-4\/'><img loading=\"lazy\" decoding=\"async\" width=\"300\" height=\"135\" src=\"https:\/\/splelkowo.pl\/wordpress\/wp-content\/uploads\/2025\/06\/medale-4-300x135.jpeg\" class=\"attachment-medium size-medium\" alt=\"\" srcset=\"https:\/\/splelkowo.pl\/wordpress\/wp-content\/uploads\/2025\/06\/medale-4-300x135.jpeg 300w, https:\/\/splelkowo.pl\/wordpress\/wp-content\/uploads\/2025\/06\/medale-4-1024x462.jpeg 1024w, https:\/\/splelkowo.pl\/wordpress\/wp-content\/uploads\/2025\/06\/medale-4-768x346.jpeg 768w, https:\/\/splelkowo.pl\/wordpress\/wp-content\/uploads\/2025\/06\/medale-4-1536x692.jpeg 1536w, https:\/\/splelkowo.pl\/wordpress\/wp-content\/uploads\/2025\/06\/medale-4.jpeg 2048w\" sizes=\"(max-width: 300px) 100vw, 300px\" \/><\/a>\n\t\t\t<\/div><\/figure><figure class='gallery-item'>\n\t\t\t<div class='gallery-icon landscape'>\n\t\t\t\t<a href='https:\/\/splelkowo.pl\/wordpress\/dzien-dziecka\/medale-5\/'><img loading=\"lazy\" decoding=\"async\" width=\"300\" height=\"135\" src=\"https:\/\/splelkowo.pl\/wordpress\/wp-content\/uploads\/2025\/06\/medale-5-300x135.jpeg\" class=\"attachment-medium size-medium\" alt=\"\" srcset=\"https:\/\/splelkowo.pl\/wordpress\/wp-content\/uploads\/2025\/06\/medale-5-300x135.jpeg 300w, https:\/\/splelkowo.pl\/wordpress\/wp-content\/uploads\/2025\/06\/medale-5-1024x461.jpeg 1024w, https:\/\/splelkowo.pl\/wordpress\/wp-content\/uploads\/2025\/06\/medale-5-768x346.jpeg 768w, https:\/\/splelkowo.pl\/wordpress\/wp-content\/uploads\/2025\/06\/medale-5-1536x691.jpeg 1536w, https:\/\/splelkowo.pl\/wordpress\/wp-content\/uploads\/2025\/06\/medale-5.jpeg 2000w\" sizes=\"(max-width: 300px) 100vw, 300px\" \/><\/a>\n\t\t\t<\/div><\/figure><figure class='gallery-item'>\n\t\t\t<div class='gallery-icon landscape'>\n\t\t\t\t<a href='https:\/\/splelkowo.pl\/wordpress\/dzien-dziecka\/medale-6\/'><img loading=\"lazy\" decoding=\"async\" width=\"300\" height=\"135\" src=\"https:\/\/splelkowo.pl\/wordpress\/wp-content\/uploads\/2025\/06\/medale-6-300x135.jpeg\" class=\"attachment-medium size-medium\" alt=\"\" srcset=\"https:\/\/splelkowo.pl\/wordpress\/wp-content\/uploads\/2025\/06\/medale-6-300x135.jpeg 300w, https:\/\/splelkowo.pl\/wordpress\/wp-content\/uploads\/2025\/06\/medale-6-1024x462.jpeg 1024w, https:\/\/splelkowo.pl\/wordpress\/wp-content\/uploads\/2025\/06\/medale-6-768x346.jpeg 768w, https:\/\/splelkowo.pl\/wordpress\/wp-content\/uploads\/2025\/06\/medale-6-1536x692.jpeg 1536w, https:\/\/splelkowo.pl\/wordpress\/wp-content\/uploads\/2025\/06\/medale-6.jpeg 2048w\" sizes=\"(max-width: 300px) 100vw, 300px\" \/><\/a>\n\t\t\t<\/div><\/figure><figure class='gallery-item'>\n\t\t\t<div class='gallery-icon landscape'>\n\t\t\t\t<a href='https:\/\/splelkowo.pl\/wordpress\/dzien-dziecka\/medale-7\/'><img loading=\"lazy\" decoding=\"async\" width=\"300\" height=\"135\" src=\"https:\/\/splelkowo.pl\/wordpress\/wp-content\/uploads\/2025\/06\/medale-7-300x135.jpeg\" class=\"attachment-medium size-medium\" alt=\"\" srcset=\"https:\/\/splelkowo.pl\/wordpress\/wp-content\/uploads\/2025\/06\/medale-7-300x135.jpeg 300w, https:\/\/splelkowo.pl\/wordpress\/wp-content\/uploads\/2025\/06\/medale-7-1024x462.jpeg 1024w, https:\/\/splelkowo.pl\/wordpress\/wp-content\/uploads\/2025\/06\/medale-7-768x346.jpeg 768w, https:\/\/splelkowo.pl\/wordpress\/wp-content\/uploads\/2025\/06\/medale-7-1536x692.jpeg 1536w, https:\/\/splelkowo.pl\/wordpress\/wp-content\/uploads\/2025\/06\/medale-7.jpeg 2048w\" sizes=\"(max-width: 300px) 100vw, 300px\" \/><\/a>\n\t\t\t<\/div><\/figure><figure class='gallery-item'>\n\t\t\t<div class='gallery-icon landscape'>\n\t\t\t\t<a href='https:\/\/splelkowo.pl\/wordpress\/dzien-dziecka\/medale-8\/'><img loading=\"lazy\" decoding=\"async\" width=\"300\" height=\"135\" src=\"https:\/\/splelkowo.pl\/wordpress\/wp-content\/uploads\/2025\/06\/medale-8-300x135.jpeg\" class=\"attachment-medium size-medium\" alt=\"\" srcset=\"https:\/\/splelkowo.pl\/wordpress\/wp-content\/uploads\/2025\/06\/medale-8-300x135.jpeg 300w, https:\/\/splelkowo.pl\/wordpress\/wp-content\/uploads\/2025\/06\/medale-8-1024x462.jpeg 1024w, https:\/\/splelkowo.pl\/wordpress\/wp-content\/uploads\/2025\/06\/medale-8-768x346.jpeg 768w, https:\/\/splelkowo.pl\/wordpress\/wp-content\/uploads\/2025\/06\/medale-8-1536x692.jpeg 1536w, https:\/\/splelkowo.pl\/wordpress\/wp-content\/uploads\/2025\/06\/medale-8.jpeg 2048w\" sizes=\"(max-width: 300px) 100vw, 300px\" \/><\/a>\n\t\t\t<\/div><\/figure><figure class='gallery-item'>\n\t\t\t<div class='gallery-icon landscape'>\n\t\t\t\t<a href='https:\/\/splelkowo.pl\/wordpress\/dzien-dziecka\/medale-9\/'><img loading=\"lazy\" decoding=\"async\" width=\"300\" height=\"135\" src=\"https:\/\/splelkowo.pl\/wordpress\/wp-content\/uploads\/2025\/06\/medale-9-300x135.jpeg\" class=\"attachment-medium size-medium\" alt=\"\" srcset=\"https:\/\/splelkowo.pl\/wordpress\/wp-content\/uploads\/2025\/06\/medale-9-300x135.jpeg 300w, https:\/\/splelkowo.pl\/wordpress\/wp-content\/uploads\/2025\/06\/medale-9-1024x462.jpeg 1024w, https:\/\/splelkowo.pl\/wordpress\/wp-content\/uploads\/2025\/06\/medale-9-768x346.jpeg 768w, https:\/\/splelkowo.pl\/wordpress\/wp-content\/uploads\/2025\/06\/medale-9-1536x692.jpeg 1536w, https:\/\/splelkowo.pl\/wordpress\/wp-content\/uploads\/2025\/06\/medale-9.jpeg 2048w\" sizes=\"(max-width: 300px) 100vw, 300px\" \/><\/a>\n\t\t\t<\/div><\/figure><figure class='gallery-item'>\n\t\t\t<div class='gallery-icon landscape'>\n\t\t\t\t<a href='https:\/\/splelkowo.pl\/wordpress\/dzien-dziecka\/medal-10\/'><img loading=\"lazy\" decoding=\"async\" width=\"300\" height=\"135\" src=\"https:\/\/splelkowo.pl\/wordpress\/wp-content\/uploads\/2025\/06\/medal-10-300x135.jpeg\" class=\"attachment-medium size-medium\" alt=\"\" srcset=\"https:\/\/splelkowo.pl\/wordpress\/wp-content\/uploads\/2025\/06\/medal-10-300x135.jpeg 300w, https:\/\/splelkowo.pl\/wordpress\/wp-content\/uploads\/2025\/06\/medal-10-1024x462.jpeg 1024w, https:\/\/splelkowo.pl\/wordpress\/wp-content\/uploads\/2025\/06\/medal-10-768x346.jpeg 768w, https:\/\/splelkowo.pl\/wordpress\/wp-content\/uploads\/2025\/06\/medal-10-1536x692.jpeg 1536w, https:\/\/splelkowo.pl\/wordpress\/wp-content\/uploads\/2025\/06\/medal-10.jpeg 2048w\" sizes=\"(max-width: 300px) 100vw, 300px\" \/><\/a>\n\t\t\t<\/div><\/figure><figure class='gallery-item'>\n\t\t\t<div class='gallery-icon landscape'>\n\t\t\t\t<a href='https:\/\/splelkowo.pl\/wordpress\/dzien-dziecka\/medal-11\/'><img loading=\"lazy\" decoding=\"async\" width=\"300\" height=\"135\" src=\"https:\/\/splelkowo.pl\/wordpress\/wp-content\/uploads\/2025\/06\/medal-11-300x135.jpeg\" class=\"attachment-medium size-medium\" alt=\"\" srcset=\"https:\/\/splelkowo.pl\/wordpress\/wp-content\/uploads\/2025\/06\/medal-11-300x135.jpeg 300w, https:\/\/splelkowo.pl\/wordpress\/wp-content\/uploads\/2025\/06\/medal-11-1024x462.jpeg 1024w, https:\/\/splelkowo.pl\/wordpress\/wp-content\/uploads\/2025\/06\/medal-11-768x346.jpeg 768w, https:\/\/splelkowo.pl\/wordpress\/wp-content\/uploads\/2025\/06\/medal-11-1536x692.jpeg 1536w, https:\/\/splelkowo.pl\/wordpress\/wp-content\/uploads\/2025\/06\/medal-11.jpeg 2048w\" sizes=\"(max-width: 300px) 100vw, 300px\" \/><\/a>\n\t\t\t<\/div><\/figure><figure class='gallery-item'>\n\t\t\t<div class='gallery-icon landscape'>\n\t\t\t\t<a href='https:\/\/splelkowo.pl\/wordpress\/dzien-dziecka\/medal-12\/'><img loading=\"lazy\" decoding=\"async\" width=\"300\" height=\"135\" src=\"https:\/\/splelkowo.pl\/wordpress\/wp-content\/uploads\/2025\/06\/medal-12-300x135.jpeg\" class=\"attachment-medium size-medium\" alt=\"\" srcset=\"https:\/\/splelkowo.pl\/wordpress\/wp-content\/uploads\/2025\/06\/medal-12-300x135.jpeg 300w, https:\/\/splelkowo.pl\/wordpress\/wp-content\/uploads\/2025\/06\/medal-12-1024x462.jpeg 1024w, https:\/\/splelkowo.pl\/wordpress\/wp-content\/uploads\/2025\/06\/medal-12-768x346.jpeg 768w, https:\/\/splelkowo.pl\/wordpress\/wp-content\/uploads\/2025\/06\/medal-12-1536x692.jpeg 1536w, https:\/\/splelkowo.pl\/wordpress\/wp-content\/uploads\/2025\/06\/medal-12.jpeg 2048w\" sizes=\"(max-width: 300px) 100vw, 300px\" \/><\/a>\n\t\t\t<\/div><\/figure><figure class='gallery-item'>\n\t\t\t<div class='gallery-icon landscape'>\n\t\t\t\t<a href='https:\/\/splelkowo.pl\/wordpress\/dzien-dziecka\/slodycze-2\/'><img loading=\"lazy\" decoding=\"async\" width=\"300\" height=\"135\" src=\"https:\/\/splelkowo.pl\/wordpress\/wp-content\/uploads\/2025\/06\/slodycze-2-300x135.jpeg\" class=\"attachment-medium size-medium\" alt=\"\" srcset=\"https:\/\/splelkowo.pl\/wordpress\/wp-content\/uploads\/2025\/06\/slodycze-2-300x135.jpeg 300w, https:\/\/splelkowo.pl\/wordpress\/wp-content\/uploads\/2025\/06\/slodycze-2-1024x462.jpeg 1024w, https:\/\/splelkowo.pl\/wordpress\/wp-content\/uploads\/2025\/06\/slodycze-2-768x346.jpeg 768w, https:\/\/splelkowo.pl\/wordpress\/wp-content\/uploads\/2025\/06\/slodycze-2-1536x692.jpeg 1536w, https:\/\/splelkowo.pl\/wordpress\/wp-content\/uploads\/2025\/06\/slodycze-2.jpeg 2048w\" sizes=\"(max-width: 300px) 100vw, 300px\" \/><\/a>\n\t\t\t<\/div><\/figure><figure class='gallery-item'>\n\t\t\t<div class='gallery-icon landscape'>\n\t\t\t\t<a href='https:\/\/splelkowo.pl\/wordpress\/dzien-dziecka\/slodycze-1\/'><img loading=\"lazy\" decoding=\"async\" width=\"300\" height=\"135\" src=\"https:\/\/splelkowo.pl\/wordpress\/wp-content\/uploads\/2025\/06\/slodycze-1-300x135.jpeg\" class=\"attachment-medium size-medium\" alt=\"\" srcset=\"https:\/\/splelkowo.pl\/wordpress\/wp-content\/uploads\/2025\/06\/slodycze-1-300x135.jpeg 300w, https:\/\/splelkowo.pl\/wordpress\/wp-content\/uploads\/2025\/06\/slodycze-1-1024x462.jpeg 1024w, https:\/\/splelkowo.pl\/wordpress\/wp-content\/uploads\/2025\/06\/slodycze-1-768x346.jpeg 768w, https:\/\/splelkowo.pl\/wordpress\/wp-content\/uploads\/2025\/06\/slodycze-1-1536x692.jpeg 1536w, https:\/\/splelkowo.pl\/wordpress\/wp-content\/uploads\/2025\/06\/slodycze-1.jpeg 2048w\" sizes=\"(max-width: 300px) 100vw, 300px\" \/><\/a>\n\t\t\t<\/div><\/figure>\n\t\t<\/div>\n\n<\/div>\n","protected":false},"excerpt":{"rendered":"<p>W pi\u0105tek, 30 maja 2025 roku, w Szkole Podstawowej im. Or\u0142a Bia\u0142ego w Lelkowie odby\u0142y si\u0119 obchody Dnia Dziecka pod has\u0142em \u201e\u017byjmy zdrowo\u201d. Naszymi go\u015b\u0107mi byli uczniowie oraz nauczyciele ze Szko\u0142y Podstawowej w Zagajach. Program wydarzenia obejmowa\u0142: \u2022 zaj\u0119cia z wychowawc\u0105 i przygotowanie do zawod\u00f3w biegowych, \u2022 rozstrzygni\u0119cie turnieju szachowego, \u2022 zawody sportowe na boisku szkolnym, \u2022 pocz\u0119stunek \u2013 kie\u0142baska z chlebem i napoje, ufundowane przez Sp\u00f3\u0142dzielni\u0119 Socjaln\u0105 S\u0105siedzi, Dzieci z oddzia\u0142\u00f3w przedszkolnych oraz punktu przedszkolnego otrzyma\u0142y pami\u0105tkowe medale. W rywalizacji klas I\u2013VIII wyr\u00f3\u017cniono trzy najlepsze miejsca w ka\u017cdej kategorii. Wszyscy uczestnicy otrzymali r\u00f3wnie\u017c s\u0142odki pocz\u0119stunek. Medale i czekolady zosta\u0142y ufundowane przez W\u00f3jta Gminy Lelkowo, pana \u0141ukasza Skrzeszewskiego. Wydarzenie dofinansowane \u00a0ze \u015brodk\u00f3w Gminnego Programu Profilaktyki i Rozwi\u0105zywania Problem\u00f3w Alkoholowych oraz Przeciwdzia\u0142ania Narkomanii.<\/p>\n","protected":false},"author":2,"featured_media":1174,"comment_status":"closed","ping_status":"closed","sticky":false,"template":"","format":"standard","meta":{"site-sidebar-layout":"default","site-content-layout":"","ast-site-content-layout":"default","site-content-style":"default","site-sidebar-style":"default","ast-global-header-display":"","ast-banner-title-visibility":"","ast-main-header-display":"","ast-hfb-above-header-display":"","ast-hfb-below-header-display":"","ast-hfb-mobile-header-display":"","site-post-title":"","ast-breadcrumbs-content":"","ast-featured-img":"","footer-sml-layout":"","ast-disable-related-posts":"","theme-transparent-header-meta":"default","adv-header-id-meta":"","stick-header-meta":"","header-above-stick-meta":"","header-main-stick-meta":"","header-below-stick-meta":"","astra-migrate-meta-layouts":"set","ast-page-background-enabled":"default","ast-page-background-meta":{"desktop":{"background-color":"var(--ast-global-color-4)","background-image":"","background-repeat":"repeat","background-position":"center center","background-size":"auto","background-attachment":"scroll","background-type":"","background-media":"","overlay-type":"","overlay-color":"","overlay-opacity":"","overlay-gradient":""},"tablet":{"background-color":"","background-image":"","background-repeat":"repeat","background-position":"center center","background-size":"auto","background-attachment":"scroll","background-type":"","background-media":"","overlay-type":"","overlay-color":"","overlay-opacity":"","overlay-gradient":""},"mobile":{"background-color":"","background-image":"","background-repeat":"repeat","background-position":"center center","background-size":"auto","background-attachment":"scroll","background-type":"","background-media":"","overlay-type":"","overlay-color":"","overlay-opacity":"","overlay-gradient":""}},"ast-content-background-meta":{"desktop":{"background-color":"var(--ast-global-color-5)","background-image":"","background-repeat":"repeat","background-position":"center center","background-size":"auto","background-attachment":"scroll","background-type":"","background-media":"","overlay-type":"","overlay-color":"","overlay-opacity":"","overlay-gradient":""},"tablet":{"background-color":"var(--ast-global-color-5)","background-image":"","background-repeat":"repeat","background-position":"center center","background-size":"auto","background-attachment":"scroll","background-type":"","background-media":"","overlay-type":"","overlay-color":"","overlay-opacity":"","overlay-gradient":""},"mobile":{"background-color":"var(--ast-global-color-5)","background-image":"","background-repeat":"repeat","background-position":"center center","background-size":"auto","background-attachment":"scroll","background-type":"","background-media":"","overlay-type":"","overlay-color":"","overlay-opacity":"","overlay-gradient":""}},"footnotes":""},"categories":[4],"tags":[],"class_list":["post-1164","post","type-post","status-publish","format-standard","has-post-thumbnail","hentry","category-aktualnosci"],"_links":{"self":[{"href":"https:\/\/splelkowo.pl\/wordpress\/wp-json\/wp\/v2\/posts\/1164","targetHints":{"allow":["GET"]}}],"collection":[{"href":"https:\/\/splelkowo.pl\/wordpress\/wp-json\/wp\/v2\/posts"}],"about":[{"href":"https:\/\/splelkowo.pl\/wordpress\/wp-json\/wp\/v2\/types\/post"}],"author":[{"embeddable":true,"href":"https:\/\/splelkowo.pl\/wordpress\/wp-json\/wp\/v2\/users\/2"}],"replies":[{"embeddable":true,"href":"https:\/\/splelkowo.pl\/wordpress\/wp-json\/wp\/v2\/comments?post=1164"}],"version-history":[{"count":1,"href":"https:\/\/splelkowo.pl\/wordpress\/wp-json\/wp\/v2\/posts\/1164\/revisions"}],"predecessor-version":[{"id":1186,"href":"https:\/\/splelkowo.pl\/wordpress\/wp-json\/wp\/v2\/posts\/1164\/revisions\/1186"}],"wp:featuredmedia":[{"embeddable":true,"href":"https:\/\/splelkowo.pl\/wordpress\/wp-json\/wp\/v2\/media\/1174"}],"wp:attachment":[{"href":"https:\/\/splelkowo.pl\/wordpress\/wp-json\/wp\/v2\/media?parent=1164"}],"wp:term":[{"taxonomy":"category","embeddable":true,"href":"https:\/\/splelkowo.pl\/wordpress\/wp-json\/wp\/v2\/categories?post=1164"},{"taxonomy":"post_tag","embeddable":true,"href":"https:\/\/splelkowo.pl\/wordpress\/wp-json\/wp\/v2\/tags?post=1164"}],"curies":[{"name":"wp","href":"https:\/\/api.w.org\/{rel}","templated":true}]}}