{"id":1187,"date":"2025-06-08T19:52:51","date_gmt":"2025-06-08T17:52:51","guid":{"rendered":"https:\/\/splelkowo.pl\/wordpress\/?p=1187"},"modified":"2026-04-26T20:55:50","modified_gmt":"2026-04-26T18:55:50","slug":"wycieczka-edukacyjna-do-slowinskiego-parku-narodowego-szymbarku-leby","status":"publish","type":"post","link":"https:\/\/splelkowo.pl\/wordpress\/wycieczka-edukacyjna-do-slowinskiego-parku-narodowego-szymbarku-leby\/","title":{"rendered":"Wycieczka edukacyjna do S\u0142owi\u0144skiego Parku Narodowego, Szymbarku, \u0141eby&#8230;.."},"content":{"rendered":"<div class=\"xdj266r x14z9mp xat24cr x1lziwak x1vvkbs x126k92a\">\n<div dir=\"auto\"><img decoding=\"async\" class=\" wp-image-1129 aligncenter\" src=\"https:\/\/splelkowo.pl\/wordpress\/wp-content\/uploads\/2025\/05\/logo-MK.png\" alt=\"\" width=\"240\" height=\"43\" \/><\/div>\n<div dir=\"auto\"><img fetchpriority=\"high\" decoding=\"async\" class=\" wp-image-1010 aligncenter\" src=\"https:\/\/splelkowo.pl\/wordpress\/wp-content\/uploads\/2025\/04\/logotyp2-300x63.jpg\" alt=\"\" width=\"509\" height=\"107\" srcset=\"https:\/\/splelkowo.pl\/wordpress\/wp-content\/uploads\/2025\/04\/logotyp2-300x63.jpg 300w, https:\/\/splelkowo.pl\/wordpress\/wp-content\/uploads\/2025\/04\/logotyp2-768x160.jpg 768w, https:\/\/splelkowo.pl\/wordpress\/wp-content\/uploads\/2025\/04\/logotyp2.jpg 979w\" sizes=\"(max-width: 509px) 100vw, 509px\" \/><\/div>\n<div dir=\"auto\"><\/div>\n<div dir=\"auto\">\n<p>W dniach 2-3 czerwca br. \u00a050 uczni\u00f3w klas IV-VIII <span style=\"font-size: 16px;\">mia\u0142o okazj\u0119 wyruszy\u0107 na wyjazd edukacyjny do S\u0142<\/span><span class=\"html-span xdj266r x14z9mp xat24cr x1lziwak xexx8yu xyri2b x18d9i69 x1c1uobl x1hl2dhg x16tdsg8 x1vvkbs\" style=\"font-size: 16px;\"><span class=\"xt0psk2\"><span class=\"xjp7ctv\">owi\u0144skiego Parku Narodowego<\/span><\/span><\/span><span style=\"font-size: 16px;\"> oraz Centrum Edukacji i Promocji Regionu w Szymbarku. Ten wyj\u0105tkowy obszar chroniony jest znany z unikalnego krajobrazu, obejmuj\u0105cego ruchome wydmy, jeziora przymorskie oraz bogactwo fauny i flory. Park stanowi dom dla wielu gatunk\u00f3w ro\u015blin, w tym rzadkich i chronionych, takich jak miko\u0142ajek nadmorski czy rosiczka okr\u0105g\u0142olistna. Fauna r\u00f3wnie\u017c jest imponuj\u0105ca, zw\u0142aszcza ptaki, kt\u00f3rych w parku zaobserwowano oko\u0142o 260 gatunk\u00f3w. Uczniowie z pewno\u015bci\u0105 mieli mo\u017cliwo\u015b\u0107 podziwia\u0107 r\u00f3\u017cnorodno\u015b\u0107 przyrodnicz\u0105 Polski, co stanowi\u0142o doskona\u0142y wst\u0119p do dalszych dzia\u0142a\u0144.<\/span><\/p>\n<div class=\"x14z9mp xat24cr x1lziwak x1vvkbs xtlvy1s x126k92a\"><\/div>\n<div class=\"x14z9mp xat24cr x1lziwak x1vvkbs xtlvy1s x126k92a\">\n<div dir=\"auto\"><\/div>\n<div dir=\"auto\">Tego typu inicjatywy s\u0105 niezwykle cenne, poniewa\u017c nie tylko poszerzaj\u0105 wiedz\u0119 uczni\u00f3w, ale tak\u017ce rozwijaj\u0105 ich umiej\u0119tno\u015bci praktyczne i \u015bwiadomo\u015b\u0107 ekologiczn\u0105, inspiruj\u0105c do dalszego odkrywania i dbania o \u015brodowisko naturalne.<\/div>\n<\/div>\n<\/div>\n<div dir=\"auto\">Wyjazd zosta\u0142 zorganizowany w ramach realizacji projektu &#8222;M\u0142odzi kreatywni&#8221; nr FEWM 06.03-IZ.00-0058\/24.<\/div>\n<div dir=\"auto\">#FunduszeUE<br \/>\n#FunduszeEuropejskiedlaWarmiiiMazur<br \/>\n#FunduszeNaZmiany<br \/>\n#M\u0142odzikreatywni<\/div>\n<div dir=\"auto\"><\/div>\n<div dir=\"auto\">\n<div id='gallery-1' class='gallery galleryid-1187 gallery-columns-4 gallery-size-medium'><figure class='gallery-item'>\n\t\t\t<div class='gallery-icon landscape'>\n\t\t\t\t<a href='https:\/\/splelkowo.pl\/wordpress\/wycieczka-edukacyjna-do-slowinskiego-parku-narodowego-szymbarku-leby\/statek\/'><img decoding=\"async\" width=\"300\" height=\"300\" src=\"https:\/\/splelkowo.pl\/wordpress\/wp-content\/uploads\/2025\/06\/statek-300x300.jpeg\" class=\"attachment-medium size-medium\" alt=\"\" srcset=\"https:\/\/splelkowo.pl\/wordpress\/wp-content\/uploads\/2025\/06\/statek-300x300.jpeg 300w, https:\/\/splelkowo.pl\/wordpress\/wp-content\/uploads\/2025\/06\/statek-1024x1024.jpeg 1024w, https:\/\/splelkowo.pl\/wordpress\/wp-content\/uploads\/2025\/06\/statek-150x150.jpeg 150w, https:\/\/splelkowo.pl\/wordpress\/wp-content\/uploads\/2025\/06\/statek-768x768.jpeg 768w, https:\/\/splelkowo.pl\/wordpress\/wp-content\/uploads\/2025\/06\/statek.jpeg 1496w\" sizes=\"(max-width: 300px) 100vw, 300px\" \/><\/a>\n\t\t\t<\/div><\/figure><figure class='gallery-item'>\n\t\t\t<div class='gallery-icon landscape'>\n\t\t\t\t<a href='https:\/\/splelkowo.pl\/wordpress\/wycieczka-edukacyjna-do-slowinskiego-parku-narodowego-szymbarku-leby\/szymbark\/'><img loading=\"lazy\" decoding=\"async\" width=\"300\" height=\"300\" src=\"https:\/\/splelkowo.pl\/wordpress\/wp-content\/uploads\/2025\/06\/szymbark-300x300.jpeg\" class=\"attachment-medium size-medium\" alt=\"\" srcset=\"https:\/\/splelkowo.pl\/wordpress\/wp-content\/uploads\/2025\/06\/szymbark-300x300.jpeg 300w, https:\/\/splelkowo.pl\/wordpress\/wp-content\/uploads\/2025\/06\/szymbark-1024x1024.jpeg 1024w, https:\/\/splelkowo.pl\/wordpress\/wp-content\/uploads\/2025\/06\/szymbark-150x150.jpeg 150w, https:\/\/splelkowo.pl\/wordpress\/wp-content\/uploads\/2025\/06\/szymbark-768x768.jpeg 768w, https:\/\/splelkowo.pl\/wordpress\/wp-content\/uploads\/2025\/06\/szymbark-1536x1536.jpeg 1536w, https:\/\/splelkowo.pl\/wordpress\/wp-content\/uploads\/2025\/06\/szymbark.jpeg 2048w\" sizes=\"(max-width: 300px) 100vw, 300px\" \/><\/a>\n\t\t\t<\/div><\/figure><figure class='gallery-item'>\n\t\t\t<div class='gallery-icon landscape'>\n\t\t\t\t<a href='https:\/\/splelkowo.pl\/wordpress\/wycieczka-edukacyjna-do-slowinskiego-parku-narodowego-szymbarku-leby\/dom-do-gory-nogami\/'><img loading=\"lazy\" decoding=\"async\" width=\"300\" height=\"300\" src=\"https:\/\/splelkowo.pl\/wordpress\/wp-content\/uploads\/2025\/06\/dom-do-gory-nogami-300x300.jpeg\" class=\"attachment-medium size-medium\" alt=\"\" srcset=\"https:\/\/splelkowo.pl\/wordpress\/wp-content\/uploads\/2025\/06\/dom-do-gory-nogami-300x300.jpeg 300w, https:\/\/splelkowo.pl\/wordpress\/wp-content\/uploads\/2025\/06\/dom-do-gory-nogami-1024x1024.jpeg 1024w, https:\/\/splelkowo.pl\/wordpress\/wp-content\/uploads\/2025\/06\/dom-do-gory-nogami-150x150.jpeg 150w, https:\/\/splelkowo.pl\/wordpress\/wp-content\/uploads\/2025\/06\/dom-do-gory-nogami-768x768.jpeg 768w, https:\/\/splelkowo.pl\/wordpress\/wp-content\/uploads\/2025\/06\/dom-do-gory-nogami.jpeg 1496w\" sizes=\"(max-width: 300px) 100vw, 300px\" \/><\/a>\n\t\t\t<\/div><\/figure><figure class='gallery-item'>\n\t\t\t<div class='gallery-icon landscape'>\n\t\t\t\t<a href='https:\/\/splelkowo.pl\/wordpress\/wycieczka-edukacyjna-do-slowinskiego-parku-narodowego-szymbarku-leby\/szymbark-grupa\/'><img loading=\"lazy\" decoding=\"async\" width=\"300\" height=\"300\" src=\"https:\/\/splelkowo.pl\/wordpress\/wp-content\/uploads\/2025\/06\/szymbark-grupa-300x300.jpeg\" class=\"attachment-medium size-medium\" alt=\"\" srcset=\"https:\/\/splelkowo.pl\/wordpress\/wp-content\/uploads\/2025\/06\/szymbark-grupa-300x300.jpeg 300w, https:\/\/splelkowo.pl\/wordpress\/wp-content\/uploads\/2025\/06\/szymbark-grupa-1024x1024.jpeg 1024w, https:\/\/splelkowo.pl\/wordpress\/wp-content\/uploads\/2025\/06\/szymbark-grupa-150x150.jpeg 150w, https:\/\/splelkowo.pl\/wordpress\/wp-content\/uploads\/2025\/06\/szymbark-grupa-768x768.jpeg 768w, https:\/\/splelkowo.pl\/wordpress\/wp-content\/uploads\/2025\/06\/szymbark-grupa-1536x1536.jpeg 1536w, https:\/\/splelkowo.pl\/wordpress\/wp-content\/uploads\/2025\/06\/szymbark-grupa.jpeg 2048w\" sizes=\"(max-width: 300px) 100vw, 300px\" \/><\/a>\n\t\t\t<\/div><\/figure><figure class='gallery-item'>\n\t\t\t<div class='gallery-icon landscape'>\n\t\t\t\t<a href='https:\/\/splelkowo.pl\/wordpress\/wycieczka-edukacyjna-do-slowinskiego-parku-narodowego-szymbarku-leby\/swiat-bajek\/'><img loading=\"lazy\" decoding=\"async\" width=\"300\" height=\"300\" src=\"https:\/\/splelkowo.pl\/wordpress\/wp-content\/uploads\/2025\/06\/swiat-bajek-300x300.jpeg\" class=\"attachment-medium size-medium\" alt=\"\" srcset=\"https:\/\/splelkowo.pl\/wordpress\/wp-content\/uploads\/2025\/06\/swiat-bajek-300x300.jpeg 300w, https:\/\/splelkowo.pl\/wordpress\/wp-content\/uploads\/2025\/06\/swiat-bajek-1024x1024.jpeg 1024w, https:\/\/splelkowo.pl\/wordpress\/wp-content\/uploads\/2025\/06\/swiat-bajek-150x150.jpeg 150w, https:\/\/splelkowo.pl\/wordpress\/wp-content\/uploads\/2025\/06\/swiat-bajek-768x768.jpeg 768w, https:\/\/splelkowo.pl\/wordpress\/wp-content\/uploads\/2025\/06\/swiat-bajek.jpeg 1496w\" sizes=\"(max-width: 300px) 100vw, 300px\" \/><\/a>\n\t\t\t<\/div><\/figure><figure class='gallery-item'>\n\t\t\t<div class='gallery-icon landscape'>\n\t\t\t\t<a href='https:\/\/splelkowo.pl\/wordpress\/wycieczka-edukacyjna-do-slowinskiego-parku-narodowego-szymbarku-leby\/pn-1\/'><img loading=\"lazy\" decoding=\"async\" width=\"300\" height=\"139\" src=\"https:\/\/splelkowo.pl\/wordpress\/wp-content\/uploads\/2025\/06\/PN-1-300x139.jpg\" class=\"attachment-medium size-medium\" alt=\"\" srcset=\"https:\/\/splelkowo.pl\/wordpress\/wp-content\/uploads\/2025\/06\/PN-1-300x139.jpg 300w, https:\/\/splelkowo.pl\/wordpress\/wp-content\/uploads\/2025\/06\/PN-1-1024x473.jpg 1024w, https:\/\/splelkowo.pl\/wordpress\/wp-content\/uploads\/2025\/06\/PN-1-768x355.jpg 768w, https:\/\/splelkowo.pl\/wordpress\/wp-content\/uploads\/2025\/06\/PN-1.jpg 1385w\" sizes=\"(max-width: 300px) 100vw, 300px\" \/><\/a>\n\t\t\t<\/div><\/figure><figure class='gallery-item'>\n\t\t\t<div class='gallery-icon landscape'>\n\t\t\t\t<a href='https:\/\/splelkowo.pl\/wordpress\/wycieczka-edukacyjna-do-slowinskiego-parku-narodowego-szymbarku-leby\/pn-2\/'><img loading=\"lazy\" decoding=\"async\" width=\"300\" height=\"139\" src=\"https:\/\/splelkowo.pl\/wordpress\/wp-content\/uploads\/2025\/06\/PN-2-300x139.jpg\" class=\"attachment-medium size-medium\" alt=\"\" srcset=\"https:\/\/splelkowo.pl\/wordpress\/wp-content\/uploads\/2025\/06\/PN-2-300x139.jpg 300w, https:\/\/splelkowo.pl\/wordpress\/wp-content\/uploads\/2025\/06\/PN-2-1024x473.jpg 1024w, https:\/\/splelkowo.pl\/wordpress\/wp-content\/uploads\/2025\/06\/PN-2-768x355.jpg 768w, https:\/\/splelkowo.pl\/wordpress\/wp-content\/uploads\/2025\/06\/PN-2.jpg 1385w\" sizes=\"(max-width: 300px) 100vw, 300px\" \/><\/a>\n\t\t\t<\/div><\/figure><figure class='gallery-item'>\n\t\t\t<div class='gallery-icon landscape'>\n\t\t\t\t<a href='https:\/\/splelkowo.pl\/wordpress\/wycieczka-edukacyjna-do-slowinskiego-parku-narodowego-szymbarku-leby\/pn4\/'><img loading=\"lazy\" decoding=\"async\" width=\"300\" height=\"139\" src=\"https:\/\/splelkowo.pl\/wordpress\/wp-content\/uploads\/2025\/06\/PN4-300x139.jpg\" class=\"attachment-medium size-medium\" alt=\"\" srcset=\"https:\/\/splelkowo.pl\/wordpress\/wp-content\/uploads\/2025\/06\/PN4-300x139.jpg 300w, https:\/\/splelkowo.pl\/wordpress\/wp-content\/uploads\/2025\/06\/PN4-1024x473.jpg 1024w, https:\/\/splelkowo.pl\/wordpress\/wp-content\/uploads\/2025\/06\/PN4-768x355.jpg 768w, https:\/\/splelkowo.pl\/wordpress\/wp-content\/uploads\/2025\/06\/PN4.jpg 1385w\" sizes=\"(max-width: 300px) 100vw, 300px\" \/><\/a>\n\t\t\t<\/div><\/figure><figure class='gallery-item'>\n\t\t\t<div class='gallery-icon landscape'>\n\t\t\t\t<a href='https:\/\/splelkowo.pl\/wordpress\/wycieczka-edukacyjna-do-slowinskiego-parku-narodowego-szymbarku-leby\/pn-4\/'><img loading=\"lazy\" decoding=\"async\" width=\"300\" height=\"138\" src=\"https:\/\/splelkowo.pl\/wordpress\/wp-content\/uploads\/2025\/06\/PN-4-300x138.jpg\" class=\"attachment-medium size-medium\" alt=\"\" srcset=\"https:\/\/splelkowo.pl\/wordpress\/wp-content\/uploads\/2025\/06\/PN-4-300x138.jpg 300w, https:\/\/splelkowo.pl\/wordpress\/wp-content\/uploads\/2025\/06\/PN-4-1024x473.jpg 1024w, https:\/\/splelkowo.pl\/wordpress\/wp-content\/uploads\/2025\/06\/PN-4-768x354.jpg 768w, https:\/\/splelkowo.pl\/wordpress\/wp-content\/uploads\/2025\/06\/PN-4.jpg 1387w\" sizes=\"(max-width: 300px) 100vw, 300px\" \/><\/a>\n\t\t\t<\/div><\/figure><figure class='gallery-item'>\n\t\t\t<div class='gallery-icon landscape'>\n\t\t\t\t<a href='https:\/\/splelkowo.pl\/wordpress\/wycieczka-edukacyjna-do-slowinskiego-parku-narodowego-szymbarku-leby\/wydmy\/'><img loading=\"lazy\" decoding=\"async\" width=\"300\" height=\"300\" src=\"https:\/\/splelkowo.pl\/wordpress\/wp-content\/uploads\/2025\/06\/wydmy-300x300.jpg\" class=\"attachment-medium size-medium\" alt=\"\" srcset=\"https:\/\/splelkowo.pl\/wordpress\/wp-content\/uploads\/2025\/06\/wydmy-300x300.jpg 300w, https:\/\/splelkowo.pl\/wordpress\/wp-content\/uploads\/2025\/06\/wydmy-150x150.jpg 150w, https:\/\/splelkowo.pl\/wordpress\/wp-content\/uploads\/2025\/06\/wydmy-768x768.jpg 768w, https:\/\/splelkowo.pl\/wordpress\/wp-content\/uploads\/2025\/06\/wydmy.jpg 960w\" sizes=\"(max-width: 300px) 100vw, 300px\" \/><\/a>\n\t\t\t<\/div><\/figure><figure class='gallery-item'>\n\t\t\t<div class='gallery-icon landscape'>\n\t\t\t\t<a href='https:\/\/splelkowo.pl\/wordpress\/wycieczka-edukacyjna-do-slowinskiego-parku-narodowego-szymbarku-leby\/wydmy-2\/'><img loading=\"lazy\" decoding=\"async\" width=\"300\" height=\"300\" src=\"https:\/\/splelkowo.pl\/wordpress\/wp-content\/uploads\/2025\/06\/wydmy-2-300x300.jpg\" class=\"attachment-medium size-medium\" alt=\"\" srcset=\"https:\/\/splelkowo.pl\/wordpress\/wp-content\/uploads\/2025\/06\/wydmy-2-300x300.jpg 300w, https:\/\/splelkowo.pl\/wordpress\/wp-content\/uploads\/2025\/06\/wydmy-2-150x150.jpg 150w, https:\/\/splelkowo.pl\/wordpress\/wp-content\/uploads\/2025\/06\/wydmy-2-768x768.jpg 768w, https:\/\/splelkowo.pl\/wordpress\/wp-content\/uploads\/2025\/06\/wydmy-2.jpg 960w\" sizes=\"(max-width: 300px) 100vw, 300px\" \/><\/a>\n\t\t\t<\/div><\/figure><figure class='gallery-item'>\n\t\t\t<div class='gallery-icon landscape'>\n\t\t\t\t<a href='https:\/\/splelkowo.pl\/wordpress\/wycieczka-edukacyjna-do-slowinskiego-parku-narodowego-szymbarku-leby\/drzewo\/'><img loading=\"lazy\" decoding=\"async\" width=\"300\" height=\"300\" src=\"https:\/\/splelkowo.pl\/wordpress\/wp-content\/uploads\/2025\/06\/drzewo-300x300.jpeg\" class=\"attachment-medium size-medium\" alt=\"\" srcset=\"https:\/\/splelkowo.pl\/wordpress\/wp-content\/uploads\/2025\/06\/drzewo-300x300.jpeg 300w, https:\/\/splelkowo.pl\/wordpress\/wp-content\/uploads\/2025\/06\/drzewo-1024x1024.jpeg 1024w, https:\/\/splelkowo.pl\/wordpress\/wp-content\/uploads\/2025\/06\/drzewo-150x150.jpeg 150w, https:\/\/splelkowo.pl\/wordpress\/wp-content\/uploads\/2025\/06\/drzewo-768x768.jpeg 768w, https:\/\/splelkowo.pl\/wordpress\/wp-content\/uploads\/2025\/06\/drzewo.jpeg 1496w\" sizes=\"(max-width: 300px) 100vw, 300px\" \/><\/a>\n\t\t\t<\/div><\/figure><figure class='gallery-item'>\n\t\t\t<div class='gallery-icon landscape'>\n\t\t\t\t<a href='https:\/\/splelkowo.pl\/wordpress\/wycieczka-edukacyjna-do-slowinskiego-parku-narodowego-szymbarku-leby\/leba\/'><img loading=\"lazy\" decoding=\"async\" width=\"300\" height=\"300\" src=\"https:\/\/splelkowo.pl\/wordpress\/wp-content\/uploads\/2025\/06\/Leba-300x300.jpg\" class=\"attachment-medium size-medium\" alt=\"\" srcset=\"https:\/\/splelkowo.pl\/wordpress\/wp-content\/uploads\/2025\/06\/Leba-300x300.jpg 300w, https:\/\/splelkowo.pl\/wordpress\/wp-content\/uploads\/2025\/06\/Leba-150x150.jpg 150w, https:\/\/splelkowo.pl\/wordpress\/wp-content\/uploads\/2025\/06\/Leba-768x768.jpg 768w, https:\/\/splelkowo.pl\/wordpress\/wp-content\/uploads\/2025\/06\/Leba.jpg 960w\" sizes=\"(max-width: 300px) 100vw, 300px\" \/><\/a>\n\t\t\t<\/div><\/figure><figure class='gallery-item'>\n\t\t\t<div class='gallery-icon landscape'>\n\t\t\t\t<a href='https:\/\/splelkowo.pl\/wordpress\/wycieczka-edukacyjna-do-slowinskiego-parku-narodowego-szymbarku-leby\/pn-3\/'><img loading=\"lazy\" decoding=\"async\" width=\"300\" height=\"138\" src=\"https:\/\/splelkowo.pl\/wordpress\/wp-content\/uploads\/2025\/06\/PN-3-300x138.jpg\" class=\"attachment-medium size-medium\" alt=\"\" srcset=\"https:\/\/splelkowo.pl\/wordpress\/wp-content\/uploads\/2025\/06\/PN-3-300x138.jpg 300w, https:\/\/splelkowo.pl\/wordpress\/wp-content\/uploads\/2025\/06\/PN-3-1024x473.jpg 1024w, https:\/\/splelkowo.pl\/wordpress\/wp-content\/uploads\/2025\/06\/PN-3-768x354.jpg 768w, https:\/\/splelkowo.pl\/wordpress\/wp-content\/uploads\/2025\/06\/PN-3.jpg 1387w\" sizes=\"(max-width: 300px) 100vw, 300px\" \/><\/a>\n\t\t\t<\/div><\/figure><figure class='gallery-item'>\n\t\t\t<div class='gallery-icon landscape'>\n\t\t\t\t<a href='https:\/\/splelkowo.pl\/wordpress\/wycieczka-edukacyjna-do-slowinskiego-parku-narodowego-szymbarku-leby\/wieza-widokowa\/'><img loading=\"lazy\" decoding=\"async\" width=\"300\" height=\"300\" src=\"https:\/\/splelkowo.pl\/wordpress\/wp-content\/uploads\/2025\/06\/wieza-widokowa-300x300.jpeg\" class=\"attachment-medium size-medium\" alt=\"\" srcset=\"https:\/\/splelkowo.pl\/wordpress\/wp-content\/uploads\/2025\/06\/wieza-widokowa-300x300.jpeg 300w, https:\/\/splelkowo.pl\/wordpress\/wp-content\/uploads\/2025\/06\/wieza-widokowa-1024x1024.jpeg 1024w, https:\/\/splelkowo.pl\/wordpress\/wp-content\/uploads\/2025\/06\/wieza-widokowa-150x150.jpeg 150w, https:\/\/splelkowo.pl\/wordpress\/wp-content\/uploads\/2025\/06\/wieza-widokowa-768x768.jpeg 768w, https:\/\/splelkowo.pl\/wordpress\/wp-content\/uploads\/2025\/06\/wieza-widokowa.jpeg 1496w\" sizes=\"(max-width: 300px) 100vw, 300px\" \/><\/a>\n\t\t\t<\/div><\/figure>\n\t\t<\/div>\n\n<\/div>\n<\/div>\n","protected":false},"excerpt":{"rendered":"<p>W dniach 2-3 czerwca br. \u00a050 uczni\u00f3w klas IV-VIII mia\u0142o okazj\u0119 wyruszy\u0107 na wyjazd edukacyjny do S\u0142owi\u0144skiego Parku Narodowego oraz Centrum Edukacji i Promocji Regionu w Szymbarku. Ten wyj\u0105tkowy obszar chroniony jest znany z unikalnego krajobrazu, obejmuj\u0105cego ruchome wydmy, jeziora przymorskie oraz bogactwo fauny i flory. Park stanowi dom dla wielu gatunk\u00f3w ro\u015blin, w tym rzadkich i chronionych, takich jak miko\u0142ajek nadmorski czy rosiczka okr\u0105g\u0142olistna. Fauna r\u00f3wnie\u017c jest imponuj\u0105ca, zw\u0142aszcza ptaki, kt\u00f3rych w parku zaobserwowano oko\u0142o 260 gatunk\u00f3w. Uczniowie z pewno\u015bci\u0105 mieli mo\u017cliwo\u015b\u0107 podziwia\u0107 r\u00f3\u017cnorodno\u015b\u0107 przyrodnicz\u0105 Polski, co stanowi\u0142o doskona\u0142y wst\u0119p do dalszych dzia\u0142a\u0144. Tego typu inicjatywy s\u0105 niezwykle cenne, poniewa\u017c nie tylko poszerzaj\u0105 wiedz\u0119 uczni\u00f3w, ale tak\u017ce rozwijaj\u0105 ich umiej\u0119tno\u015bci praktyczne i \u015bwiadomo\u015b\u0107 ekologiczn\u0105, inspiruj\u0105c do dalszego odkrywania i dbania o \u015brodowisko naturalne. Wyjazd zosta\u0142 zorganizowany w ramach realizacji projektu &#8222;M\u0142odzi kreatywni&#8221; nr FEWM 06.03-IZ.00-0058\/24. #FunduszeUE #FunduszeEuropejskiedlaWarmiiiMazur #FunduszeNaZmiany #M\u0142odzikreatywni<\/p>\n","protected":false},"author":2,"featured_media":1198,"comment_status":"closed","ping_status":"closed","sticky":false,"template":"","format":"standard","meta":{"site-sidebar-layout":"default","site-content-layout":"","ast-site-content-layout":"default","site-content-style":"default","site-sidebar-style":"default","ast-global-header-display":"","ast-banner-title-visibility":"","ast-main-header-display":"","ast-hfb-above-header-display":"","ast-hfb-below-header-display":"","ast-hfb-mobile-header-display":"","site-post-title":"","ast-breadcrumbs-content":"","ast-featured-img":"","footer-sml-layout":"","ast-disable-related-posts":"","theme-transparent-header-meta":"default","adv-header-id-meta":"","stick-header-meta":"","header-above-stick-meta":"","header-main-stick-meta":"","header-below-stick-meta":"","astra-migrate-meta-layouts":"set","ast-page-background-enabled":"default","ast-page-background-meta":{"desktop":{"background-color":"var(--ast-global-color-4)","background-image":"","background-repeat":"repeat","background-position":"center center","background-size":"auto","background-attachment":"scroll","background-type":"","background-media":"","overlay-type":"","overlay-color":"","overlay-opacity":"","overlay-gradient":""},"tablet":{"background-color":"","background-image":"","background-repeat":"repeat","background-position":"center center","background-size":"auto","background-attachment":"scroll","background-type":"","background-media":"","overlay-type":"","overlay-color":"","overlay-opacity":"","overlay-gradient":""},"mobile":{"background-color":"","background-image":"","background-repeat":"repeat","background-position":"center center","background-size":"auto","background-attachment":"scroll","background-type":"","background-media":"","overlay-type":"","overlay-color":"","overlay-opacity":"","overlay-gradient":""}},"ast-content-background-meta":{"desktop":{"background-color":"var(--ast-global-color-5)","background-image":"","background-repeat":"repeat","background-position":"center center","background-size":"auto","background-attachment":"scroll","background-type":"","background-media":"","overlay-type":"","overlay-color":"","overlay-opacity":"","overlay-gradient":""},"tablet":{"background-color":"var(--ast-global-color-5)","background-image":"","background-repeat":"repeat","background-position":"center center","background-size":"auto","background-attachment":"scroll","background-type":"","background-media":"","overlay-type":"","overlay-color":"","overlay-opacity":"","overlay-gradient":""},"mobile":{"background-color":"var(--ast-global-color-5)","background-image":"","background-repeat":"repeat","background-position":"center center","background-size":"auto","background-attachment":"scroll","background-type":"","background-media":"","overlay-type":"","overlay-color":"","overlay-opacity":"","overlay-gradient":""}},"footnotes":""},"categories":[4],"tags":[],"class_list":["post-1187","post","type-post","status-publish","format-standard","has-post-thumbnail","hentry","category-aktualnosci"],"_links":{"self":[{"href":"https:\/\/splelkowo.pl\/wordpress\/wp-json\/wp\/v2\/posts\/1187","targetHints":{"allow":["GET"]}}],"collection":[{"href":"https:\/\/splelkowo.pl\/wordpress\/wp-json\/wp\/v2\/posts"}],"about":[{"href":"https:\/\/splelkowo.pl\/wordpress\/wp-json\/wp\/v2\/types\/post"}],"author":[{"embeddable":true,"href":"https:\/\/splelkowo.pl\/wordpress\/wp-json\/wp\/v2\/users\/2"}],"replies":[{"embeddable":true,"href":"https:\/\/splelkowo.pl\/wordpress\/wp-json\/wp\/v2\/comments?post=1187"}],"version-history":[{"count":6,"href":"https:\/\/splelkowo.pl\/wordpress\/wp-json\/wp\/v2\/posts\/1187\/revisions"}],"predecessor-version":[{"id":2394,"href":"https:\/\/splelkowo.pl\/wordpress\/wp-json\/wp\/v2\/posts\/1187\/revisions\/2394"}],"wp:featuredmedia":[{"embeddable":true,"href":"https:\/\/splelkowo.pl\/wordpress\/wp-json\/wp\/v2\/media\/1198"}],"wp:attachment":[{"href":"https:\/\/splelkowo.pl\/wordpress\/wp-json\/wp\/v2\/media?parent=1187"}],"wp:term":[{"taxonomy":"category","embeddable":true,"href":"https:\/\/splelkowo.pl\/wordpress\/wp-json\/wp\/v2\/categories?post=1187"},{"taxonomy":"post_tag","embeddable":true,"href":"https:\/\/splelkowo.pl\/wordpress\/wp-json\/wp\/v2\/tags?post=1187"}],"curies":[{"name":"wp","href":"https:\/\/api.w.org\/{rel}","templated":true}]}}