{"id":1209,"date":"2025-06-08T20:26:26","date_gmt":"2025-06-08T18:26:26","guid":{"rendered":"https:\/\/splelkowo.pl\/wordpress\/?p=1209"},"modified":"2025-06-08T20:31:15","modified_gmt":"2025-06-08T18:31:15","slug":"wizyta-przedszkolakow-w-urzedzie-gminy","status":"publish","type":"post","link":"https:\/\/splelkowo.pl\/wordpress\/wizyta-przedszkolakow-w-urzedzie-gminy\/","title":{"rendered":"Wizyta przedszkolak\u00f3w w Urz\u0119dzie Gminy"},"content":{"rendered":"<div class=\"html-div xdj266r x14z9mp xat24cr x1lziwak xexx8yu xyri2b x18d9i69 x1c1uobl\" dir=\"auto\">\n<div class=\"html-div xdj266r x14z9mp xat24cr x1lziwak xexx8yu xyri2b x18d9i69 x1c1uobl\" dir=\"auto\">\n<div class=\"html-div xdj266r x14z9mp xat24cr x1lziwak xexx8yu xyri2b x18d9i69 x1c1uobl\" data-ad-rendering-role=\"story_message\">\n<div class=\"x1l90r2v x1iorvi4 x1g0dm76 xpdmqnj\" data-ad-comet-preview=\"message\" data-ad-preview=\"message\">\n<div class=\"x78zum5 xdt5ytf xz62fqu x16ldp7u\">\n<div class=\"xu06os2 x1ok221b\">\n<div class=\"html-div xdj266r x14z9mp xat24cr x1lziwak xexx8yu xyri2b x18d9i69 x1c1uobl\">\n<div class=\"xdj266r x14z9mp xat24cr x1lziwak x1vvkbs x126k92a\">\n<div dir=\"auto\">Dzi\u015b w \u015brod\u0119 (tj. 04.06.2025r.) Przedszkolaki z Punktu Przedszkolnego odwiedzi\u0142y Urz\u0105d Gminy w Lelkowie- to ju\u017c taka ma\u0142a tradycja.<\/div>\n<\/div>\n<div class=\"x14z9mp xat24cr x1lziwak x1vvkbs xtlvy1s x126k92a\">\n<div dir=\"auto\">Maluchy zosta\u0142y powitane przez W\u00f3jta Gminy <span class=\"html-span xdj266r x14z9mp xat24cr x1lziwak xexx8yu xyri2b x18d9i69 x1c1uobl x1hl2dhg x16tdsg8 x1vvkbs\"><span class=\"xt0psk2\"><span class=\"xjp7ctv\">\u0141ukasz Skrzeszewski<\/span><\/span>, <\/span>kt\u00f3ry opowiedzia\u0142 o swojej pracy i roli urz\u0119du, a m\u0142odzi go\u015bcie z ogromnym zainteresowaniem poznawa\u0142y tajniki pracy samorz\u0105du lokalnego. Dzieci mia\u0142y okazj\u0119 zwiedzi\u0107 najwa\u017cniejsze pomieszczenia urz\u0119du.<\/div>\n<\/div>\n<div class=\"x14z9mp xat24cr x1lziwak x1vvkbs xtlvy1s x126k92a\">\n<div dir=\"auto\">Wizyta zako\u0144czy\u0142a si\u0119 s\u0142odkim pocz\u0119stunkiem.<\/div>\n<\/div>\n<div class=\"x14z9mp xat24cr x1lziwak x1vvkbs xtlvy1s x126k92a\">\n<div dir=\"auto\">Serdecznie dzi\u0119kujemy za ciep\u0142e przyj\u0119cie.<\/div>\n<div dir=\"auto\">\n<div id='gallery-1' class='gallery galleryid-1209 gallery-columns-4 gallery-size-medium'><figure class='gallery-item'>\n\t\t\t<div class='gallery-icon landscape'>\n\t\t\t\t<a href='https:\/\/splelkowo.pl\/wordpress\/wizyta-przedszkolakow-w-urzedzie-gminy\/1-5\/'><img fetchpriority=\"high\" decoding=\"async\" width=\"300\" height=\"169\" src=\"https:\/\/splelkowo.pl\/wordpress\/wp-content\/uploads\/2025\/06\/1-300x169.jpg\" class=\"attachment-medium size-medium\" alt=\"\" srcset=\"https:\/\/splelkowo.pl\/wordpress\/wp-content\/uploads\/2025\/06\/1-300x169.jpg 300w, https:\/\/splelkowo.pl\/wordpress\/wp-content\/uploads\/2025\/06\/1-1024x576.jpg 1024w, https:\/\/splelkowo.pl\/wordpress\/wp-content\/uploads\/2025\/06\/1-768x432.jpg 768w, https:\/\/splelkowo.pl\/wordpress\/wp-content\/uploads\/2025\/06\/1-1536x864.jpg 1536w, https:\/\/splelkowo.pl\/wordpress\/wp-content\/uploads\/2025\/06\/1.jpg 2040w\" sizes=\"(max-width: 300px) 100vw, 300px\" \/><\/a>\n\t\t\t<\/div><\/figure><figure class='gallery-item'>\n\t\t\t<div class='gallery-icon landscape'>\n\t\t\t\t<a href='https:\/\/splelkowo.pl\/wordpress\/wizyta-przedszkolakow-w-urzedzie-gminy\/2-5\/'><img decoding=\"async\" width=\"300\" height=\"169\" src=\"https:\/\/splelkowo.pl\/wordpress\/wp-content\/uploads\/2025\/06\/2-300x169.jpg\" class=\"attachment-medium size-medium\" alt=\"\" srcset=\"https:\/\/splelkowo.pl\/wordpress\/wp-content\/uploads\/2025\/06\/2-300x169.jpg 300w, https:\/\/splelkowo.pl\/wordpress\/wp-content\/uploads\/2025\/06\/2-1024x576.jpg 1024w, https:\/\/splelkowo.pl\/wordpress\/wp-content\/uploads\/2025\/06\/2-768x432.jpg 768w, https:\/\/splelkowo.pl\/wordpress\/wp-content\/uploads\/2025\/06\/2-1536x864.jpg 1536w, https:\/\/splelkowo.pl\/wordpress\/wp-content\/uploads\/2025\/06\/2.jpg 2040w\" sizes=\"(max-width: 300px) 100vw, 300px\" \/><\/a>\n\t\t\t<\/div><\/figure><figure class='gallery-item'>\n\t\t\t<div class='gallery-icon landscape'>\n\t\t\t\t<a href='https:\/\/splelkowo.pl\/wordpress\/wizyta-przedszkolakow-w-urzedzie-gminy\/3-5\/'><img decoding=\"async\" width=\"300\" height=\"169\" src=\"https:\/\/splelkowo.pl\/wordpress\/wp-content\/uploads\/2025\/06\/3-300x169.jpg\" class=\"attachment-medium size-medium\" alt=\"\" srcset=\"https:\/\/splelkowo.pl\/wordpress\/wp-content\/uploads\/2025\/06\/3-300x169.jpg 300w, https:\/\/splelkowo.pl\/wordpress\/wp-content\/uploads\/2025\/06\/3-1024x576.jpg 1024w, https:\/\/splelkowo.pl\/wordpress\/wp-content\/uploads\/2025\/06\/3-768x432.jpg 768w, https:\/\/splelkowo.pl\/wordpress\/wp-content\/uploads\/2025\/06\/3-1536x864.jpg 1536w, https:\/\/splelkowo.pl\/wordpress\/wp-content\/uploads\/2025\/06\/3.jpg 2040w\" sizes=\"(max-width: 300px) 100vw, 300px\" \/><\/a>\n\t\t\t<\/div><\/figure><figure class='gallery-item'>\n\t\t\t<div class='gallery-icon portrait'>\n\t\t\t\t<a href='https:\/\/splelkowo.pl\/wordpress\/wizyta-przedszkolakow-w-urzedzie-gminy\/4-5\/'><img loading=\"lazy\" decoding=\"async\" width=\"169\" height=\"300\" src=\"https:\/\/splelkowo.pl\/wordpress\/wp-content\/uploads\/2025\/06\/4-169x300.jpg\" class=\"attachment-medium size-medium\" alt=\"\" srcset=\"https:\/\/splelkowo.pl\/wordpress\/wp-content\/uploads\/2025\/06\/4-169x300.jpg 169w, https:\/\/splelkowo.pl\/wordpress\/wp-content\/uploads\/2025\/06\/4-576x1024.jpg 576w, https:\/\/splelkowo.pl\/wordpress\/wp-content\/uploads\/2025\/06\/4-768x1365.jpg 768w, https:\/\/splelkowo.pl\/wordpress\/wp-content\/uploads\/2025\/06\/4-864x1536.jpg 864w, https:\/\/splelkowo.pl\/wordpress\/wp-content\/uploads\/2025\/06\/4.jpg 1148w\" sizes=\"(max-width: 169px) 100vw, 169px\" \/><\/a>\n\t\t\t<\/div><\/figure><figure class='gallery-item'>\n\t\t\t<div class='gallery-icon landscape'>\n\t\t\t\t<a href='https:\/\/splelkowo.pl\/wordpress\/wizyta-przedszkolakow-w-urzedzie-gminy\/5-5\/'><img loading=\"lazy\" decoding=\"async\" width=\"300\" height=\"225\" src=\"https:\/\/splelkowo.pl\/wordpress\/wp-content\/uploads\/2025\/06\/5-300x225.jpg\" class=\"attachment-medium size-medium\" alt=\"\" srcset=\"https:\/\/splelkowo.pl\/wordpress\/wp-content\/uploads\/2025\/06\/5-300x225.jpg 300w, https:\/\/splelkowo.pl\/wordpress\/wp-content\/uploads\/2025\/06\/5-1024x768.jpg 1024w, https:\/\/splelkowo.pl\/wordpress\/wp-content\/uploads\/2025\/06\/5-768x576.jpg 768w, https:\/\/splelkowo.pl\/wordpress\/wp-content\/uploads\/2025\/06\/5-1536x1152.jpg 1536w, https:\/\/splelkowo.pl\/wordpress\/wp-content\/uploads\/2025\/06\/5.jpg 1600w\" sizes=\"(max-width: 300px) 100vw, 300px\" \/><\/a>\n\t\t\t<\/div><\/figure><figure class='gallery-item'>\n\t\t\t<div class='gallery-icon portrait'>\n\t\t\t\t<a href='https:\/\/splelkowo.pl\/wordpress\/wizyta-przedszkolakow-w-urzedzie-gminy\/6-2\/'><img loading=\"lazy\" decoding=\"async\" width=\"169\" height=\"300\" src=\"https:\/\/splelkowo.pl\/wordpress\/wp-content\/uploads\/2025\/06\/6-169x300.jpg\" class=\"attachment-medium size-medium\" alt=\"\" srcset=\"https:\/\/splelkowo.pl\/wordpress\/wp-content\/uploads\/2025\/06\/6-169x300.jpg 169w, https:\/\/splelkowo.pl\/wordpress\/wp-content\/uploads\/2025\/06\/6-576x1024.jpg 576w, https:\/\/splelkowo.pl\/wordpress\/wp-content\/uploads\/2025\/06\/6-768x1365.jpg 768w, https:\/\/splelkowo.pl\/wordpress\/wp-content\/uploads\/2025\/06\/6-864x1536.jpg 864w, https:\/\/splelkowo.pl\/wordpress\/wp-content\/uploads\/2025\/06\/6.jpg 1148w\" sizes=\"(max-width: 169px) 100vw, 169px\" \/><\/a>\n\t\t\t<\/div><\/figure><figure class='gallery-item'>\n\t\t\t<div class='gallery-icon landscape'>\n\t\t\t\t<a href='https:\/\/splelkowo.pl\/wordpress\/wizyta-przedszkolakow-w-urzedzie-gminy\/attachment\/7\/'><img loading=\"lazy\" decoding=\"async\" width=\"300\" height=\"225\" src=\"https:\/\/splelkowo.pl\/wordpress\/wp-content\/uploads\/2025\/06\/7-300x225.jpg\" class=\"attachment-medium size-medium\" alt=\"\" srcset=\"https:\/\/splelkowo.pl\/wordpress\/wp-content\/uploads\/2025\/06\/7-300x225.jpg 300w, https:\/\/splelkowo.pl\/wordpress\/wp-content\/uploads\/2025\/06\/7-1024x768.jpg 1024w, https:\/\/splelkowo.pl\/wordpress\/wp-content\/uploads\/2025\/06\/7-768x576.jpg 768w, https:\/\/splelkowo.pl\/wordpress\/wp-content\/uploads\/2025\/06\/7-1536x1152.jpg 1536w, https:\/\/splelkowo.pl\/wordpress\/wp-content\/uploads\/2025\/06\/7.jpg 1600w\" sizes=\"(max-width: 300px) 100vw, 300px\" \/><\/a>\n\t\t\t<\/div><\/figure><figure class='gallery-item'>\n\t\t\t<div class='gallery-icon portrait'>\n\t\t\t\t<a href='https:\/\/splelkowo.pl\/wordpress\/wizyta-przedszkolakow-w-urzedzie-gminy\/attachment\/8\/'><img loading=\"lazy\" decoding=\"async\" width=\"169\" height=\"300\" src=\"https:\/\/splelkowo.pl\/wordpress\/wp-content\/uploads\/2025\/06\/8-169x300.jpg\" class=\"attachment-medium size-medium\" alt=\"\" srcset=\"https:\/\/splelkowo.pl\/wordpress\/wp-content\/uploads\/2025\/06\/8-169x300.jpg 169w, https:\/\/splelkowo.pl\/wordpress\/wp-content\/uploads\/2025\/06\/8-576x1024.jpg 576w, https:\/\/splelkowo.pl\/wordpress\/wp-content\/uploads\/2025\/06\/8-768x1365.jpg 768w, https:\/\/splelkowo.pl\/wordpress\/wp-content\/uploads\/2025\/06\/8-864x1536.jpg 864w, https:\/\/splelkowo.pl\/wordpress\/wp-content\/uploads\/2025\/06\/8.jpg 1148w\" sizes=\"(max-width: 169px) 100vw, 169px\" \/><\/a>\n\t\t\t<\/div><\/figure><figure class='gallery-item'>\n\t\t\t<div class='gallery-icon portrait'>\n\t\t\t\t<a href='https:\/\/splelkowo.pl\/wordpress\/wizyta-przedszkolakow-w-urzedzie-gminy\/attachment\/9\/'><img loading=\"lazy\" decoding=\"async\" width=\"169\" height=\"300\" src=\"https:\/\/splelkowo.pl\/wordpress\/wp-content\/uploads\/2025\/06\/9-169x300.jpg\" class=\"attachment-medium size-medium\" alt=\"\" srcset=\"https:\/\/splelkowo.pl\/wordpress\/wp-content\/uploads\/2025\/06\/9-169x300.jpg 169w, https:\/\/splelkowo.pl\/wordpress\/wp-content\/uploads\/2025\/06\/9-576x1024.jpg 576w, https:\/\/splelkowo.pl\/wordpress\/wp-content\/uploads\/2025\/06\/9-768x1365.jpg 768w, https:\/\/splelkowo.pl\/wordpress\/wp-content\/uploads\/2025\/06\/9-864x1536.jpg 864w, https:\/\/splelkowo.pl\/wordpress\/wp-content\/uploads\/2025\/06\/9.jpg 1148w\" sizes=\"(max-width: 169px) 100vw, 169px\" \/><\/a>\n\t\t\t<\/div><\/figure><figure class='gallery-item'>\n\t\t\t<div class='gallery-icon portrait'>\n\t\t\t\t<a href='https:\/\/splelkowo.pl\/wordpress\/wizyta-przedszkolakow-w-urzedzie-gminy\/attachment\/10\/'><img loading=\"lazy\" decoding=\"async\" width=\"147\" height=\"300\" src=\"https:\/\/splelkowo.pl\/wordpress\/wp-content\/uploads\/2025\/06\/10-147x300.jpg\" class=\"attachment-medium size-medium\" alt=\"\" srcset=\"https:\/\/splelkowo.pl\/wordpress\/wp-content\/uploads\/2025\/06\/10-147x300.jpg 147w, https:\/\/splelkowo.pl\/wordpress\/wp-content\/uploads\/2025\/06\/10-501x1024.jpg 501w, https:\/\/splelkowo.pl\/wordpress\/wp-content\/uploads\/2025\/06\/10-768x1570.jpg 768w, https:\/\/splelkowo.pl\/wordpress\/wp-content\/uploads\/2025\/06\/10-751x1536.jpg 751w, https:\/\/splelkowo.pl\/wordpress\/wp-content\/uploads\/2025\/06\/10.jpg 939w\" sizes=\"(max-width: 147px) 100vw, 147px\" \/><\/a>\n\t\t\t<\/div><\/figure><figure class='gallery-item'>\n\t\t\t<div class='gallery-icon landscape'>\n\t\t\t\t<a href='https:\/\/splelkowo.pl\/wordpress\/wizyta-przedszkolakow-w-urzedzie-gminy\/attachment\/11\/'><img loading=\"lazy\" decoding=\"async\" width=\"300\" height=\"147\" src=\"https:\/\/splelkowo.pl\/wordpress\/wp-content\/uploads\/2025\/06\/11-300x147.jpg\" class=\"attachment-medium size-medium\" alt=\"\" srcset=\"https:\/\/splelkowo.pl\/wordpress\/wp-content\/uploads\/2025\/06\/11-300x147.jpg 300w, https:\/\/splelkowo.pl\/wordpress\/wp-content\/uploads\/2025\/06\/11-1024x501.jpg 1024w, https:\/\/splelkowo.pl\/wordpress\/wp-content\/uploads\/2025\/06\/11-768x376.jpg 768w, https:\/\/splelkowo.pl\/wordpress\/wp-content\/uploads\/2025\/06\/11-1536x751.jpg 1536w, https:\/\/splelkowo.pl\/wordpress\/wp-content\/uploads\/2025\/06\/11.jpg 1920w\" sizes=\"(max-width: 300px) 100vw, 300px\" \/><\/a>\n\t\t\t<\/div><\/figure>\n\t\t<\/div>\n\n<\/div>\n<\/div>\n<div class=\"x14z9mp xat24cr x1lziwak x1vvkbs xtlvy1s x126k92a\">\n<div dir=\"auto\"><\/div>\n<\/div>\n<\/div>\n<\/div>\n<\/div>\n<\/div>\n<\/div>\n<\/div>\n<\/div>\n","protected":false},"excerpt":{"rendered":"<p>Dzi\u015b w \u015brod\u0119 (tj. 04.06.2025r.) Przedszkolaki z Punktu Przedszkolnego odwiedzi\u0142y Urz\u0105d Gminy w Lelkowie- to ju\u017c taka ma\u0142a tradycja. Maluchy zosta\u0142y powitane przez W\u00f3jta Gminy \u0141ukasz Skrzeszewski, kt\u00f3ry opowiedzia\u0142 o swojej pracy i roli urz\u0119du, a m\u0142odzi go\u015bcie z ogromnym zainteresowaniem poznawa\u0142y tajniki pracy samorz\u0105du lokalnego. Dzieci mia\u0142y okazj\u0119 zwiedzi\u0107 najwa\u017cniejsze pomieszczenia urz\u0119du. Wizyta zako\u0144czy\u0142a si\u0119 s\u0142odkim pocz\u0119stunkiem. Serdecznie dzi\u0119kujemy za ciep\u0142e przyj\u0119cie.<\/p>\n","protected":false},"author":2,"featured_media":1220,"comment_status":"closed","ping_status":"closed","sticky":false,"template":"","format":"standard","meta":{"site-sidebar-layout":"default","site-content-layout":"","ast-site-content-layout":"default","site-content-style":"default","site-sidebar-style":"default","ast-global-header-display":"","ast-banner-title-visibility":"","ast-main-header-display":"","ast-hfb-above-header-display":"","ast-hfb-below-header-display":"","ast-hfb-mobile-header-display":"","site-post-title":"","ast-breadcrumbs-content":"","ast-featured-img":"","footer-sml-layout":"","ast-disable-related-posts":"","theme-transparent-header-meta":"default","adv-header-id-meta":"","stick-header-meta":"","header-above-stick-meta":"","header-main-stick-meta":"","header-below-stick-meta":"","astra-migrate-meta-layouts":"set","ast-page-background-enabled":"default","ast-page-background-meta":{"desktop":{"background-color":"var(--ast-global-color-4)","background-image":"","background-repeat":"repeat","background-position":"center center","background-size":"auto","background-attachment":"scroll","background-type":"","background-media":"","overlay-type":"","overlay-color":"","overlay-opacity":"","overlay-gradient":""},"tablet":{"background-color":"","background-image":"","background-repeat":"repeat","background-position":"center center","background-size":"auto","background-attachment":"scroll","background-type":"","background-media":"","overlay-type":"","overlay-color":"","overlay-opacity":"","overlay-gradient":""},"mobile":{"background-color":"","background-image":"","background-repeat":"repeat","background-position":"center center","background-size":"auto","background-attachment":"scroll","background-type":"","background-media":"","overlay-type":"","overlay-color":"","overlay-opacity":"","overlay-gradient":""}},"ast-content-background-meta":{"desktop":{"background-color":"var(--ast-global-color-5)","background-image":"","background-repeat":"repeat","background-position":"center center","background-size":"auto","background-attachment":"scroll","background-type":"","background-media":"","overlay-type":"","overlay-color":"","overlay-opacity":"","overlay-gradient":""},"tablet":{"background-color":"var(--ast-global-color-5)","background-image":"","background-repeat":"repeat","background-position":"center center","background-size":"auto","background-attachment":"scroll","background-type":"","background-media":"","overlay-type":"","overlay-color":"","overlay-opacity":"","overlay-gradient":""},"mobile":{"background-color":"var(--ast-global-color-5)","background-image":"","background-repeat":"repeat","background-position":"center center","background-size":"auto","background-attachment":"scroll","background-type":"","background-media":"","overlay-type":"","overlay-color":"","overlay-opacity":"","overlay-gradient":""}},"footnotes":""},"categories":[4],"tags":[],"class_list":["post-1209","post","type-post","status-publish","format-standard","has-post-thumbnail","hentry","category-aktualnosci"],"_links":{"self":[{"href":"https:\/\/splelkowo.pl\/wordpress\/wp-json\/wp\/v2\/posts\/1209","targetHints":{"allow":["GET"]}}],"collection":[{"href":"https:\/\/splelkowo.pl\/wordpress\/wp-json\/wp\/v2\/posts"}],"about":[{"href":"https:\/\/splelkowo.pl\/wordpress\/wp-json\/wp\/v2\/types\/post"}],"author":[{"embeddable":true,"href":"https:\/\/splelkowo.pl\/wordpress\/wp-json\/wp\/v2\/users\/2"}],"replies":[{"embeddable":true,"href":"https:\/\/splelkowo.pl\/wordpress\/wp-json\/wp\/v2\/comments?post=1209"}],"version-history":[{"count":1,"href":"https:\/\/splelkowo.pl\/wordpress\/wp-json\/wp\/v2\/posts\/1209\/revisions"}],"predecessor-version":[{"id":1221,"href":"https:\/\/splelkowo.pl\/wordpress\/wp-json\/wp\/v2\/posts\/1209\/revisions\/1221"}],"wp:featuredmedia":[{"embeddable":true,"href":"https:\/\/splelkowo.pl\/wordpress\/wp-json\/wp\/v2\/media\/1220"}],"wp:attachment":[{"href":"https:\/\/splelkowo.pl\/wordpress\/wp-json\/wp\/v2\/media?parent=1209"}],"wp:term":[{"taxonomy":"category","embeddable":true,"href":"https:\/\/splelkowo.pl\/wordpress\/wp-json\/wp\/v2\/categories?post=1209"},{"taxonomy":"post_tag","embeddable":true,"href":"https:\/\/splelkowo.pl\/wordpress\/wp-json\/wp\/v2\/tags?post=1209"}],"curies":[{"name":"wp","href":"https:\/\/api.w.org\/{rel}","templated":true}]}}