{"id":1263,"date":"2025-07-08T21:54:45","date_gmt":"2025-07-08T19:54:45","guid":{"rendered":"https:\/\/splelkowo.pl\/wordpress\/?p=1263"},"modified":"2025-07-08T21:54:45","modified_gmt":"2025-07-08T19:54:45","slug":"czas-rozwinac-skrzydla-uroczyste-zakonczenie-roku-szkolnego-2024-2025","status":"publish","type":"post","link":"https:\/\/splelkowo.pl\/wordpress\/czas-rozwinac-skrzydla-uroczyste-zakonczenie-roku-szkolnego-2024-2025\/","title":{"rendered":"&#8222;Czas rozwin\u0105\u0107 skrzyd\u0142a&#8221;- uroczyste zako\u0144czenie roku szkolnego 2024\/2025"},"content":{"rendered":"<p>27 czerwca 2025r. w naszej szkole odby\u0142o si\u0119 uroczyste zako\u0144czenie roku szkolnego 2024\/2025 po\u0142\u0105czone z po\u017cegnaniem uczni\u00f3w klasy VIII.<\/p>\n<p>W wydarzeniu wzi\u0119li udzia\u0142 uczniowie, nauczyciele, pracownicy szko\u0142y, rodzice oraz zaproszeni go\u015bcie.<\/p>\n<p>Dyrektor szko\u0142y Pani Bo\u017cena Turczyn podsumowa\u0142a mijaj\u0105cy rok szkolny oraz podzi\u0119kowa\u0142a wszystkim za zaanga\u017cowanie i wsp\u00f3ln\u0105 prac\u0119.<\/p>\n<p>W\u00f3jt Gminy Lelkowo \u00a0\u0141ukasz Skrzeszewski w swoim wyst\u0105pieniu pogratulowa\u0142 uczniom osi\u0105gni\u0119\u0107, podzi\u0119kowa\u0142 nauczycielom i rodzicom za ich wk\u0142ad w\u0142o\u017cony w wychowanie m\u0142odego pokolenia. Szczeg\u00f3lne s\u0142owa skierowa\u0142 do absolwent\u00f3w, \u017cycz\u0105c im powodzenia na dalszej drodze edukacyjnej.<\/p>\n<p>Podsumowanie roku szkolnego 2024\/2025 w liczbach:<\/p>\n<ul>\n<li>W roku szkolnym 2024\/2025 do naszej szko\u0142y ucz\u0119szcza\u0142o 125 uczni\u00f3w i wychowank\u00f3w: 90 uczni\u00f3w do klas I-VIII i 35 wychowank\u00f3w OP i PP;<\/li>\n<li>9 uczni\u00f3w klasy III uko\u0144czy\u0142o tzw. I etap edukacyjny i czeka na nich ju\u017c 4 klasa;<\/li>\n<li>13 wychowank\u00f3w z OP zostanie od 1 wrze\u015bnia uczniami klasy I;<\/li>\n<li>16 \u00f3smoklasist\u00f3w uko\u0144czy\u0142o szko\u0142\u0119;<\/li>\n<li>wszyscy uczniowie uzyskali promocj\u0119 do klasy wy\u017cszej;<\/li>\n<li>klasa z najwy\u017csz\u0105 \u015bredni\u0105 ocen- IV- 4,96;<\/li>\n<li>najwy\u017csz\u0105 \u015bredni\u0105 ocen uzyska\u0142 ucze\u0144 klasy IV- Igor Tkaczuk- 5,80;<\/li>\n<li>1 ucze\u0144 z frekwencj\u0105 100% &#8211; Ksawery Kruszy\u0144ski z klasy VII;<\/li>\n<li>26 uczni\u00f3w zosta\u0142o wyr\u00f3\u017cnionych \u015bwiadectwem z czerwonym paskiem (dotyczy klas IV-VIII)<\/li>\n<\/ul>\n<p>\u017byczymy wszystkim spokojnych, bezpiecznych i s\u0142onecznych wakacji. Niech ten letni czas b\u0119dzie pe\u0142en odpoczynku, u\u015bmiechu i rado\u015bci \u2013 na kt\u00f3re wszyscy zas\u0142u\u017cyli\u015bmy.<\/p>\n<p>Do zobaczenia po wakacjach!<\/p>\n<div id='gallery-1' class='gallery galleryid-1263 gallery-columns-3 gallery-size-medium'><figure class='gallery-item'>\n\t\t\t<div class='gallery-icon landscape'>\n\t\t\t\t<a href='https:\/\/splelkowo.pl\/wordpress\/czas-rozwinac-skrzydla-uroczyste-zakonczenie-roku-szkolnego-2024-2025\/klasa-3\/'><img fetchpriority=\"high\" decoding=\"async\" width=\"300\" height=\"200\" src=\"https:\/\/splelkowo.pl\/wordpress\/wp-content\/uploads\/2025\/07\/klasa-3-300x200.jpg\" class=\"attachment-medium size-medium\" alt=\"\" srcset=\"https:\/\/splelkowo.pl\/wordpress\/wp-content\/uploads\/2025\/07\/klasa-3-300x200.jpg 300w, https:\/\/splelkowo.pl\/wordpress\/wp-content\/uploads\/2025\/07\/klasa-3-1024x683.jpg 1024w, https:\/\/splelkowo.pl\/wordpress\/wp-content\/uploads\/2025\/07\/klasa-3-768x512.jpg 768w, https:\/\/splelkowo.pl\/wordpress\/wp-content\/uploads\/2025\/07\/klasa-3-1536x1024.jpg 1536w, https:\/\/splelkowo.pl\/wordpress\/wp-content\/uploads\/2025\/07\/klasa-3.jpg 2048w\" sizes=\"(max-width: 300px) 100vw, 300px\" \/><\/a>\n\t\t\t<\/div><\/figure><figure class='gallery-item'>\n\t\t\t<div class='gallery-icon landscape'>\n\t\t\t\t<a href='https:\/\/splelkowo.pl\/wordpress\/czas-rozwinac-skrzydla-uroczyste-zakonczenie-roku-szkolnego-2024-2025\/naj-5\/'><img decoding=\"async\" width=\"300\" height=\"200\" src=\"https:\/\/splelkowo.pl\/wordpress\/wp-content\/uploads\/2025\/07\/naj-5-300x200.jpg\" class=\"attachment-medium size-medium\" alt=\"\" srcset=\"https:\/\/splelkowo.pl\/wordpress\/wp-content\/uploads\/2025\/07\/naj-5-300x200.jpg 300w, https:\/\/splelkowo.pl\/wordpress\/wp-content\/uploads\/2025\/07\/naj-5-1024x683.jpg 1024w, https:\/\/splelkowo.pl\/wordpress\/wp-content\/uploads\/2025\/07\/naj-5-768x512.jpg 768w, https:\/\/splelkowo.pl\/wordpress\/wp-content\/uploads\/2025\/07\/naj-5-1536x1024.jpg 1536w, https:\/\/splelkowo.pl\/wordpress\/wp-content\/uploads\/2025\/07\/naj-5.jpg 2048w\" sizes=\"(max-width: 300px) 100vw, 300px\" \/><\/a>\n\t\t\t<\/div><\/figure><figure class='gallery-item'>\n\t\t\t<div class='gallery-icon landscape'>\n\t\t\t\t<a href='https:\/\/splelkowo.pl\/wordpress\/czas-rozwinac-skrzydla-uroczyste-zakonczenie-roku-szkolnego-2024-2025\/naj-1\/'><img decoding=\"async\" width=\"300\" height=\"200\" src=\"https:\/\/splelkowo.pl\/wordpress\/wp-content\/uploads\/2025\/07\/naj-1-300x200.jpg\" class=\"attachment-medium size-medium\" alt=\"\" srcset=\"https:\/\/splelkowo.pl\/wordpress\/wp-content\/uploads\/2025\/07\/naj-1-300x200.jpg 300w, https:\/\/splelkowo.pl\/wordpress\/wp-content\/uploads\/2025\/07\/naj-1-1024x683.jpg 1024w, https:\/\/splelkowo.pl\/wordpress\/wp-content\/uploads\/2025\/07\/naj-1-768x512.jpg 768w, https:\/\/splelkowo.pl\/wordpress\/wp-content\/uploads\/2025\/07\/naj-1-1536x1024.jpg 1536w, https:\/\/splelkowo.pl\/wordpress\/wp-content\/uploads\/2025\/07\/naj-1.jpg 2048w\" sizes=\"(max-width: 300px) 100vw, 300px\" \/><\/a>\n\t\t\t<\/div><\/figure><figure class='gallery-item'>\n\t\t\t<div class='gallery-icon landscape'>\n\t\t\t\t<a href='https:\/\/splelkowo.pl\/wordpress\/czas-rozwinac-skrzydla-uroczyste-zakonczenie-roku-szkolnego-2024-2025\/naj-2\/'><img loading=\"lazy\" decoding=\"async\" width=\"300\" height=\"200\" src=\"https:\/\/splelkowo.pl\/wordpress\/wp-content\/uploads\/2025\/07\/naj-2-300x200.jpg\" class=\"attachment-medium size-medium\" alt=\"\" srcset=\"https:\/\/splelkowo.pl\/wordpress\/wp-content\/uploads\/2025\/07\/naj-2-300x200.jpg 300w, https:\/\/splelkowo.pl\/wordpress\/wp-content\/uploads\/2025\/07\/naj-2-1024x683.jpg 1024w, https:\/\/splelkowo.pl\/wordpress\/wp-content\/uploads\/2025\/07\/naj-2-768x512.jpg 768w, https:\/\/splelkowo.pl\/wordpress\/wp-content\/uploads\/2025\/07\/naj-2-1536x1024.jpg 1536w, https:\/\/splelkowo.pl\/wordpress\/wp-content\/uploads\/2025\/07\/naj-2.jpg 2048w\" sizes=\"(max-width: 300px) 100vw, 300px\" \/><\/a>\n\t\t\t<\/div><\/figure><figure class='gallery-item'>\n\t\t\t<div class='gallery-icon landscape'>\n\t\t\t\t<a href='https:\/\/splelkowo.pl\/wordpress\/czas-rozwinac-skrzydla-uroczyste-zakonczenie-roku-szkolnego-2024-2025\/naj-3\/'><img loading=\"lazy\" decoding=\"async\" width=\"300\" height=\"200\" src=\"https:\/\/splelkowo.pl\/wordpress\/wp-content\/uploads\/2025\/07\/naj-3-300x200.jpg\" class=\"attachment-medium size-medium\" alt=\"\" srcset=\"https:\/\/splelkowo.pl\/wordpress\/wp-content\/uploads\/2025\/07\/naj-3-300x200.jpg 300w, https:\/\/splelkowo.pl\/wordpress\/wp-content\/uploads\/2025\/07\/naj-3-1024x683.jpg 1024w, https:\/\/splelkowo.pl\/wordpress\/wp-content\/uploads\/2025\/07\/naj-3-768x512.jpg 768w, https:\/\/splelkowo.pl\/wordpress\/wp-content\/uploads\/2025\/07\/naj-3-1536x1024.jpg 1536w, https:\/\/splelkowo.pl\/wordpress\/wp-content\/uploads\/2025\/07\/naj-3.jpg 2048w\" sizes=\"(max-width: 300px) 100vw, 300px\" \/><\/a>\n\t\t\t<\/div><\/figure><figure class='gallery-item'>\n\t\t\t<div class='gallery-icon landscape'>\n\t\t\t\t<a href='https:\/\/splelkowo.pl\/wordpress\/czas-rozwinac-skrzydla-uroczyste-zakonczenie-roku-szkolnego-2024-2025\/naj-4\/'><img loading=\"lazy\" decoding=\"async\" width=\"300\" height=\"200\" src=\"https:\/\/splelkowo.pl\/wordpress\/wp-content\/uploads\/2025\/07\/naj-4-300x200.jpg\" class=\"attachment-medium size-medium\" alt=\"\" srcset=\"https:\/\/splelkowo.pl\/wordpress\/wp-content\/uploads\/2025\/07\/naj-4-300x200.jpg 300w, https:\/\/splelkowo.pl\/wordpress\/wp-content\/uploads\/2025\/07\/naj-4-1024x683.jpg 1024w, https:\/\/splelkowo.pl\/wordpress\/wp-content\/uploads\/2025\/07\/naj-4-768x512.jpg 768w, https:\/\/splelkowo.pl\/wordpress\/wp-content\/uploads\/2025\/07\/naj-4-1536x1024.jpg 1536w, https:\/\/splelkowo.pl\/wordpress\/wp-content\/uploads\/2025\/07\/naj-4.jpg 2048w\" sizes=\"(max-width: 300px) 100vw, 300px\" \/><\/a>\n\t\t\t<\/div><\/figure><figure class='gallery-item'>\n\t\t\t<div class='gallery-icon landscape'>\n\t\t\t\t<a href='https:\/\/splelkowo.pl\/wordpress\/czas-rozwinac-skrzydla-uroczyste-zakonczenie-roku-szkolnego-2024-2025\/naj-6\/'><img loading=\"lazy\" decoding=\"async\" width=\"300\" height=\"200\" src=\"https:\/\/splelkowo.pl\/wordpress\/wp-content\/uploads\/2025\/07\/naj-6-300x200.jpg\" class=\"attachment-medium size-medium\" alt=\"\" srcset=\"https:\/\/splelkowo.pl\/wordpress\/wp-content\/uploads\/2025\/07\/naj-6-300x200.jpg 300w, https:\/\/splelkowo.pl\/wordpress\/wp-content\/uploads\/2025\/07\/naj-6-1024x683.jpg 1024w, https:\/\/splelkowo.pl\/wordpress\/wp-content\/uploads\/2025\/07\/naj-6-768x512.jpg 768w, https:\/\/splelkowo.pl\/wordpress\/wp-content\/uploads\/2025\/07\/naj-6-1536x1024.jpg 1536w, https:\/\/splelkowo.pl\/wordpress\/wp-content\/uploads\/2025\/07\/naj-6.jpg 2048w\" sizes=\"(max-width: 300px) 100vw, 300px\" \/><\/a>\n\t\t\t<\/div><\/figure><figure class='gallery-item'>\n\t\t\t<div class='gallery-icon landscape'>\n\t\t\t\t<a href='https:\/\/splelkowo.pl\/wordpress\/czas-rozwinac-skrzydla-uroczyste-zakonczenie-roku-szkolnego-2024-2025\/naj-8\/'><img loading=\"lazy\" decoding=\"async\" width=\"300\" height=\"200\" src=\"https:\/\/splelkowo.pl\/wordpress\/wp-content\/uploads\/2025\/07\/naj-8-300x200.jpg\" class=\"attachment-medium size-medium\" alt=\"\" srcset=\"https:\/\/splelkowo.pl\/wordpress\/wp-content\/uploads\/2025\/07\/naj-8-300x200.jpg 300w, https:\/\/splelkowo.pl\/wordpress\/wp-content\/uploads\/2025\/07\/naj-8-1024x683.jpg 1024w, https:\/\/splelkowo.pl\/wordpress\/wp-content\/uploads\/2025\/07\/naj-8-768x512.jpg 768w, https:\/\/splelkowo.pl\/wordpress\/wp-content\/uploads\/2025\/07\/naj-8-1536x1024.jpg 1536w, https:\/\/splelkowo.pl\/wordpress\/wp-content\/uploads\/2025\/07\/naj-8.jpg 2048w\" sizes=\"(max-width: 300px) 100vw, 300px\" \/><\/a>\n\t\t\t<\/div><\/figure><figure class='gallery-item'>\n\t\t\t<div class='gallery-icon landscape'>\n\t\t\t\t<a href='https:\/\/splelkowo.pl\/wordpress\/czas-rozwinac-skrzydla-uroczyste-zakonczenie-roku-szkolnego-2024-2025\/naj-7\/'><img loading=\"lazy\" decoding=\"async\" width=\"300\" height=\"200\" src=\"https:\/\/splelkowo.pl\/wordpress\/wp-content\/uploads\/2025\/07\/naj-7-300x200.jpg\" class=\"attachment-medium size-medium\" alt=\"\" srcset=\"https:\/\/splelkowo.pl\/wordpress\/wp-content\/uploads\/2025\/07\/naj-7-300x200.jpg 300w, https:\/\/splelkowo.pl\/wordpress\/wp-content\/uploads\/2025\/07\/naj-7-1024x683.jpg 1024w, https:\/\/splelkowo.pl\/wordpress\/wp-content\/uploads\/2025\/07\/naj-7-768x512.jpg 768w, https:\/\/splelkowo.pl\/wordpress\/wp-content\/uploads\/2025\/07\/naj-7-1536x1024.jpg 1536w, https:\/\/splelkowo.pl\/wordpress\/wp-content\/uploads\/2025\/07\/naj-7.jpg 2048w\" sizes=\"(max-width: 300px) 100vw, 300px\" \/><\/a>\n\t\t\t<\/div><\/figure><figure class='gallery-item'>\n\t\t\t<div class='gallery-icon landscape'>\n\t\t\t\t<a href='https:\/\/splelkowo.pl\/wordpress\/czas-rozwinac-skrzydla-uroczyste-zakonczenie-roku-szkolnego-2024-2025\/goscie-2\/'><img loading=\"lazy\" decoding=\"async\" width=\"300\" height=\"200\" src=\"https:\/\/splelkowo.pl\/wordpress\/wp-content\/uploads\/2025\/07\/goscie-2-300x200.jpg\" class=\"attachment-medium size-medium\" alt=\"\" srcset=\"https:\/\/splelkowo.pl\/wordpress\/wp-content\/uploads\/2025\/07\/goscie-2-300x200.jpg 300w, https:\/\/splelkowo.pl\/wordpress\/wp-content\/uploads\/2025\/07\/goscie-2-1024x683.jpg 1024w, https:\/\/splelkowo.pl\/wordpress\/wp-content\/uploads\/2025\/07\/goscie-2-768x512.jpg 768w, https:\/\/splelkowo.pl\/wordpress\/wp-content\/uploads\/2025\/07\/goscie-2-1536x1024.jpg 1536w, https:\/\/splelkowo.pl\/wordpress\/wp-content\/uploads\/2025\/07\/goscie-2.jpg 2048w\" sizes=\"(max-width: 300px) 100vw, 300px\" \/><\/a>\n\t\t\t<\/div><\/figure><figure class='gallery-item'>\n\t\t\t<div class='gallery-icon landscape'>\n\t\t\t\t<a href='https:\/\/splelkowo.pl\/wordpress\/czas-rozwinac-skrzydla-uroczyste-zakonczenie-roku-szkolnego-2024-2025\/goscie-3\/'><img loading=\"lazy\" decoding=\"async\" width=\"300\" height=\"200\" src=\"https:\/\/splelkowo.pl\/wordpress\/wp-content\/uploads\/2025\/07\/goscie-300x200.jpg\" class=\"attachment-medium size-medium\" alt=\"\" srcset=\"https:\/\/splelkowo.pl\/wordpress\/wp-content\/uploads\/2025\/07\/goscie-300x200.jpg 300w, https:\/\/splelkowo.pl\/wordpress\/wp-content\/uploads\/2025\/07\/goscie-1024x683.jpg 1024w, https:\/\/splelkowo.pl\/wordpress\/wp-content\/uploads\/2025\/07\/goscie-768x512.jpg 768w, https:\/\/splelkowo.pl\/wordpress\/wp-content\/uploads\/2025\/07\/goscie-1536x1024.jpg 1536w, https:\/\/splelkowo.pl\/wordpress\/wp-content\/uploads\/2025\/07\/goscie.jpg 2048w\" sizes=\"(max-width: 300px) 100vw, 300px\" \/><\/a>\n\t\t\t<\/div><\/figure><figure class='gallery-item'>\n\t\t\t<div class='gallery-icon landscape'>\n\t\t\t\t<a href='https:\/\/splelkowo.pl\/wordpress\/czas-rozwinac-skrzydla-uroczyste-zakonczenie-roku-szkolnego-2024-2025\/osmoklasisci-wystep\/'><img loading=\"lazy\" decoding=\"async\" width=\"300\" height=\"200\" src=\"https:\/\/splelkowo.pl\/wordpress\/wp-content\/uploads\/2025\/07\/osmoklasisci-wystep-300x200.jpg\" class=\"attachment-medium size-medium\" alt=\"\" srcset=\"https:\/\/splelkowo.pl\/wordpress\/wp-content\/uploads\/2025\/07\/osmoklasisci-wystep-300x200.jpg 300w, https:\/\/splelkowo.pl\/wordpress\/wp-content\/uploads\/2025\/07\/osmoklasisci-wystep-1024x683.jpg 1024w, https:\/\/splelkowo.pl\/wordpress\/wp-content\/uploads\/2025\/07\/osmoklasisci-wystep-768x512.jpg 768w, https:\/\/splelkowo.pl\/wordpress\/wp-content\/uploads\/2025\/07\/osmoklasisci-wystep-1536x1024.jpg 1536w, https:\/\/splelkowo.pl\/wordpress\/wp-content\/uploads\/2025\/07\/osmoklasisci-wystep.jpg 2048w\" sizes=\"(max-width: 300px) 100vw, 300px\" \/><\/a>\n\t\t\t<\/div><\/figure><figure class='gallery-item'>\n\t\t\t<div class='gallery-icon landscape'>\n\t\t\t\t<a href='https:\/\/splelkowo.pl\/wordpress\/czas-rozwinac-skrzydla-uroczyste-zakonczenie-roku-szkolnego-2024-2025\/klasa-1\/'><img loading=\"lazy\" decoding=\"async\" width=\"300\" height=\"226\" src=\"https:\/\/splelkowo.pl\/wordpress\/wp-content\/uploads\/2025\/07\/klasa-1-300x226.jpg\" class=\"attachment-medium size-medium\" alt=\"\" srcset=\"https:\/\/splelkowo.pl\/wordpress\/wp-content\/uploads\/2025\/07\/klasa-1-300x226.jpg 300w, https:\/\/splelkowo.pl\/wordpress\/wp-content\/uploads\/2025\/07\/klasa-1-1024x771.jpg 1024w, https:\/\/splelkowo.pl\/wordpress\/wp-content\/uploads\/2025\/07\/klasa-1-768x578.jpg 768w, https:\/\/splelkowo.pl\/wordpress\/wp-content\/uploads\/2025\/07\/klasa-1-1536x1156.jpg 1536w, https:\/\/splelkowo.pl\/wordpress\/wp-content\/uploads\/2025\/07\/klasa-1.jpg 1600w\" sizes=\"(max-width: 300px) 100vw, 300px\" \/><\/a>\n\t\t\t<\/div><\/figure><figure class='gallery-item'>\n\t\t\t<div class='gallery-icon landscape'>\n\t\t\t\t<a href='https:\/\/splelkowo.pl\/wordpress\/czas-rozwinac-skrzydla-uroczyste-zakonczenie-roku-szkolnego-2024-2025\/6-latki\/'><img loading=\"lazy\" decoding=\"async\" width=\"300\" height=\"200\" src=\"https:\/\/splelkowo.pl\/wordpress\/wp-content\/uploads\/2025\/07\/6-latki-300x200.jpg\" class=\"attachment-medium size-medium\" alt=\"\" srcset=\"https:\/\/splelkowo.pl\/wordpress\/wp-content\/uploads\/2025\/07\/6-latki-300x200.jpg 300w, https:\/\/splelkowo.pl\/wordpress\/wp-content\/uploads\/2025\/07\/6-latki-1024x683.jpg 1024w, https:\/\/splelkowo.pl\/wordpress\/wp-content\/uploads\/2025\/07\/6-latki-768x512.jpg 768w, https:\/\/splelkowo.pl\/wordpress\/wp-content\/uploads\/2025\/07\/6-latki-1536x1024.jpg 1536w, https:\/\/splelkowo.pl\/wordpress\/wp-content\/uploads\/2025\/07\/6-latki.jpg 2048w\" sizes=\"(max-width: 300px) 100vw, 300px\" \/><\/a>\n\t\t\t<\/div><\/figure><figure class='gallery-item'>\n\t\t\t<div class='gallery-icon landscape'>\n\t\t\t\t<a href='https:\/\/splelkowo.pl\/wordpress\/czas-rozwinac-skrzydla-uroczyste-zakonczenie-roku-szkolnego-2024-2025\/osmoklasisciwojt\/'><img loading=\"lazy\" decoding=\"async\" width=\"300\" height=\"200\" src=\"https:\/\/splelkowo.pl\/wordpress\/wp-content\/uploads\/2025\/07\/osmoklasisciwojt-300x200.jpg\" class=\"attachment-medium size-medium\" alt=\"\" srcset=\"https:\/\/splelkowo.pl\/wordpress\/wp-content\/uploads\/2025\/07\/osmoklasisciwojt-300x200.jpg 300w, https:\/\/splelkowo.pl\/wordpress\/wp-content\/uploads\/2025\/07\/osmoklasisciwojt-1024x683.jpg 1024w, https:\/\/splelkowo.pl\/wordpress\/wp-content\/uploads\/2025\/07\/osmoklasisciwojt-768x512.jpg 768w, https:\/\/splelkowo.pl\/wordpress\/wp-content\/uploads\/2025\/07\/osmoklasisciwojt-1536x1024.jpg 1536w, https:\/\/splelkowo.pl\/wordpress\/wp-content\/uploads\/2025\/07\/osmoklasisciwojt.jpg 2048w\" sizes=\"(max-width: 300px) 100vw, 300px\" \/><\/a>\n\t\t\t<\/div><\/figure><figure class='gallery-item'>\n\t\t\t<div class='gallery-icon landscape'>\n\t\t\t\t<a href='https:\/\/splelkowo.pl\/wordpress\/czas-rozwinac-skrzydla-uroczyste-zakonczenie-roku-szkolnego-2024-2025\/osmoklasiscinauczyciele\/'><img loading=\"lazy\" decoding=\"async\" width=\"300\" height=\"200\" src=\"https:\/\/splelkowo.pl\/wordpress\/wp-content\/uploads\/2025\/07\/osmoklasiscinauczyciele-300x200.jpg\" class=\"attachment-medium size-medium\" alt=\"\" srcset=\"https:\/\/splelkowo.pl\/wordpress\/wp-content\/uploads\/2025\/07\/osmoklasiscinauczyciele-300x200.jpg 300w, https:\/\/splelkowo.pl\/wordpress\/wp-content\/uploads\/2025\/07\/osmoklasiscinauczyciele-1024x683.jpg 1024w, https:\/\/splelkowo.pl\/wordpress\/wp-content\/uploads\/2025\/07\/osmoklasiscinauczyciele-768x512.jpg 768w, https:\/\/splelkowo.pl\/wordpress\/wp-content\/uploads\/2025\/07\/osmoklasiscinauczyciele-1536x1024.jpg 1536w, https:\/\/splelkowo.pl\/wordpress\/wp-content\/uploads\/2025\/07\/osmoklasiscinauczyciele.jpg 2048w\" sizes=\"(max-width: 300px) 100vw, 300px\" \/><\/a>\n\t\t\t<\/div><\/figure><figure class='gallery-item'>\n\t\t\t<div class='gallery-icon landscape'>\n\t\t\t\t<a href='https:\/\/splelkowo.pl\/wordpress\/czas-rozwinac-skrzydla-uroczyste-zakonczenie-roku-szkolnego-2024-2025\/osmoklasisci\/'><img loading=\"lazy\" decoding=\"async\" width=\"300\" height=\"200\" src=\"https:\/\/splelkowo.pl\/wordpress\/wp-content\/uploads\/2025\/07\/osmoklasisci-300x200.jpg\" class=\"attachment-medium size-medium\" alt=\"\" srcset=\"https:\/\/splelkowo.pl\/wordpress\/wp-content\/uploads\/2025\/07\/osmoklasisci-300x200.jpg 300w, https:\/\/splelkowo.pl\/wordpress\/wp-content\/uploads\/2025\/07\/osmoklasisci-1024x683.jpg 1024w, https:\/\/splelkowo.pl\/wordpress\/wp-content\/uploads\/2025\/07\/osmoklasisci-768x512.jpg 768w, https:\/\/splelkowo.pl\/wordpress\/wp-content\/uploads\/2025\/07\/osmoklasisci-1536x1024.jpg 1536w, https:\/\/splelkowo.pl\/wordpress\/wp-content\/uploads\/2025\/07\/osmoklasisci.jpg 2048w\" sizes=\"(max-width: 300px) 100vw, 300px\" \/><\/a>\n\t\t\t<\/div><\/figure><figure class='gallery-item'>\n\t\t\t<div class='gallery-icon landscape'>\n\t\t\t\t<a href='https:\/\/splelkowo.pl\/wordpress\/czas-rozwinac-skrzydla-uroczyste-zakonczenie-roku-szkolnego-2024-2025\/absolwenci\/'><img loading=\"lazy\" decoding=\"async\" width=\"300\" height=\"200\" src=\"https:\/\/splelkowo.pl\/wordpress\/wp-content\/uploads\/2025\/07\/absolwenci-300x200.jpg\" class=\"attachment-medium size-medium\" alt=\"\" srcset=\"https:\/\/splelkowo.pl\/wordpress\/wp-content\/uploads\/2025\/07\/absolwenci-300x200.jpg 300w, https:\/\/splelkowo.pl\/wordpress\/wp-content\/uploads\/2025\/07\/absolwenci-1024x683.jpg 1024w, https:\/\/splelkowo.pl\/wordpress\/wp-content\/uploads\/2025\/07\/absolwenci-768x512.jpg 768w, https:\/\/splelkowo.pl\/wordpress\/wp-content\/uploads\/2025\/07\/absolwenci-1536x1024.jpg 1536w, https:\/\/splelkowo.pl\/wordpress\/wp-content\/uploads\/2025\/07\/absolwenci.jpg 2048w\" sizes=\"(max-width: 300px) 100vw, 300px\" \/><\/a>\n\t\t\t<\/div><\/figure>\n\t\t<\/div>\n\n","protected":false},"excerpt":{"rendered":"<p>27 czerwca 2025r. w naszej szkole odby\u0142o si\u0119 uroczyste zako\u0144czenie roku szkolnego 2024\/2025 po\u0142\u0105czone z po\u017cegnaniem uczni\u00f3w klasy VIII. W wydarzeniu wzi\u0119li udzia\u0142 uczniowie, nauczyciele, pracownicy szko\u0142y, rodzice oraz zaproszeni go\u015bcie. Dyrektor szko\u0142y Pani Bo\u017cena Turczyn podsumowa\u0142a mijaj\u0105cy rok szkolny oraz podzi\u0119kowa\u0142a wszystkim za zaanga\u017cowanie i wsp\u00f3ln\u0105 prac\u0119. W\u00f3jt Gminy Lelkowo \u00a0\u0141ukasz Skrzeszewski w swoim wyst\u0105pieniu pogratulowa\u0142 uczniom osi\u0105gni\u0119\u0107, podzi\u0119kowa\u0142 nauczycielom i rodzicom za ich wk\u0142ad w\u0142o\u017cony w wychowanie m\u0142odego pokolenia. Szczeg\u00f3lne s\u0142owa skierowa\u0142 do absolwent\u00f3w, \u017cycz\u0105c im powodzenia na dalszej drodze edukacyjnej. Podsumowanie roku szkolnego 2024\/2025 w liczbach: W roku szkolnym 2024\/2025 do naszej szko\u0142y ucz\u0119szcza\u0142o 125 uczni\u00f3w i wychowank\u00f3w: 90 uczni\u00f3w do klas I-VIII i 35 wychowank\u00f3w OP i PP; 9 uczni\u00f3w klasy III uko\u0144czy\u0142o tzw. I etap edukacyjny i czeka na nich ju\u017c 4 klasa; 13 wychowank\u00f3w z OP zostanie od 1 wrze\u015bnia uczniami klasy I; 16 \u00f3smoklasist\u00f3w uko\u0144czy\u0142o szko\u0142\u0119; wszyscy uczniowie uzyskali promocj\u0119 do klasy wy\u017cszej; klasa z najwy\u017csz\u0105 \u015bredni\u0105 ocen- IV- 4,96; najwy\u017csz\u0105 \u015bredni\u0105 ocen uzyska\u0142 ucze\u0144 klasy IV- Igor Tkaczuk- 5,80; 1 ucze\u0144 z frekwencj\u0105 100% &#8211; Ksawery Kruszy\u0144ski z klasy VII; 26 uczni\u00f3w zosta\u0142o wyr\u00f3\u017cnionych \u015bwiadectwem z czerwonym paskiem (dotyczy klas IV-VIII) \u017byczymy wszystkim spokojnych, bezpiecznych i s\u0142onecznych wakacji. Niech ten letni czas b\u0119dzie pe\u0142en odpoczynku, u\u015bmiechu i rado\u015bci \u2013 na kt\u00f3re wszyscy zas\u0142u\u017cyli\u015bmy. Do zobaczenia po wakacjach!<\/p>\n","protected":false},"author":2,"featured_media":1283,"comment_status":"closed","ping_status":"closed","sticky":false,"template":"","format":"standard","meta":{"site-sidebar-layout":"default","site-content-layout":"","ast-site-content-layout":"default","site-content-style":"default","site-sidebar-style":"default","ast-global-header-display":"","ast-banner-title-visibility":"","ast-main-header-display":"","ast-hfb-above-header-display":"","ast-hfb-below-header-display":"","ast-hfb-mobile-header-display":"","site-post-title":"","ast-breadcrumbs-content":"","ast-featured-img":"","footer-sml-layout":"","ast-disable-related-posts":"","theme-transparent-header-meta":"default","adv-header-id-meta":"","stick-header-meta":"","header-above-stick-meta":"","header-main-stick-meta":"","header-below-stick-meta":"","astra-migrate-meta-layouts":"set","ast-page-background-enabled":"default","ast-page-background-meta":{"desktop":{"background-color":"var(--ast-global-color-4)","background-image":"","background-repeat":"repeat","background-position":"center center","background-size":"auto","background-attachment":"scroll","background-type":"","background-media":"","overlay-type":"","overlay-color":"","overlay-opacity":"","overlay-gradient":""},"tablet":{"background-color":"","background-image":"","background-repeat":"repeat","background-position":"center center","background-size":"auto","background-attachment":"scroll","background-type":"","background-media":"","overlay-type":"","overlay-color":"","overlay-opacity":"","overlay-gradient":""},"mobile":{"background-color":"","background-image":"","background-repeat":"repeat","background-position":"center center","background-size":"auto","background-attachment":"scroll","background-type":"","background-media":"","overlay-type":"","overlay-color":"","overlay-opacity":"","overlay-gradient":""}},"ast-content-background-meta":{"desktop":{"background-color":"var(--ast-global-color-5)","background-image":"","background-repeat":"repeat","background-position":"center center","background-size":"auto","background-attachment":"scroll","background-type":"","background-media":"","overlay-type":"","overlay-color":"","overlay-opacity":"","overlay-gradient":""},"tablet":{"background-color":"var(--ast-global-color-5)","background-image":"","background-repeat":"repeat","background-position":"center center","background-size":"auto","background-attachment":"scroll","background-type":"","background-media":"","overlay-type":"","overlay-color":"","overlay-opacity":"","overlay-gradient":""},"mobile":{"background-color":"var(--ast-global-color-5)","background-image":"","background-repeat":"repeat","background-position":"center center","background-size":"auto","background-attachment":"scroll","background-type":"","background-media":"","overlay-type":"","overlay-color":"","overlay-opacity":"","overlay-gradient":""}},"footnotes":""},"categories":[4],"tags":[],"class_list":["post-1263","post","type-post","status-publish","format-standard","has-post-thumbnail","hentry","category-aktualnosci"],"_links":{"self":[{"href":"https:\/\/splelkowo.pl\/wordpress\/wp-json\/wp\/v2\/posts\/1263","targetHints":{"allow":["GET"]}}],"collection":[{"href":"https:\/\/splelkowo.pl\/wordpress\/wp-json\/wp\/v2\/posts"}],"about":[{"href":"https:\/\/splelkowo.pl\/wordpress\/wp-json\/wp\/v2\/types\/post"}],"author":[{"embeddable":true,"href":"https:\/\/splelkowo.pl\/wordpress\/wp-json\/wp\/v2\/users\/2"}],"replies":[{"embeddable":true,"href":"https:\/\/splelkowo.pl\/wordpress\/wp-json\/wp\/v2\/comments?post=1263"}],"version-history":[{"count":1,"href":"https:\/\/splelkowo.pl\/wordpress\/wp-json\/wp\/v2\/posts\/1263\/revisions"}],"predecessor-version":[{"id":1284,"href":"https:\/\/splelkowo.pl\/wordpress\/wp-json\/wp\/v2\/posts\/1263\/revisions\/1284"}],"wp:featuredmedia":[{"embeddable":true,"href":"https:\/\/splelkowo.pl\/wordpress\/wp-json\/wp\/v2\/media\/1283"}],"wp:attachment":[{"href":"https:\/\/splelkowo.pl\/wordpress\/wp-json\/wp\/v2\/media?parent=1263"}],"wp:term":[{"taxonomy":"category","embeddable":true,"href":"https:\/\/splelkowo.pl\/wordpress\/wp-json\/wp\/v2\/categories?post=1263"},{"taxonomy":"post_tag","embeddable":true,"href":"https:\/\/splelkowo.pl\/wordpress\/wp-json\/wp\/v2\/tags?post=1263"}],"curies":[{"name":"wp","href":"https:\/\/api.w.org\/{rel}","templated":true}]}}