{"id":1300,"date":"2025-07-11T08:01:44","date_gmt":"2025-07-11T06:01:44","guid":{"rendered":"https:\/\/splelkowo.pl\/wordpress\/?p=1300"},"modified":"2025-12-02T20:14:25","modified_gmt":"2025-12-02T19:14:25","slug":"wiem-widze-reaguje-warsztaty-antyduskryminacyjne","status":"publish","type":"post","link":"https:\/\/splelkowo.pl\/wordpress\/wiem-widze-reaguje-warsztaty-antyduskryminacyjne\/","title":{"rendered":"WIEM, WIDZ\u0118, REAGUJ\u0118- warsztaty antyduskryminacyjne"},"content":{"rendered":"<p><img decoding=\"async\" class=\"alignnone size-full wp-image-1129 aligncenter\" src=\"https:\/\/splelkowo.pl\/wordpress\/wp-content\/uploads\/2025\/05\/logo-MK.png\" alt=\"\" width=\"212\" height=\"38\" \/><\/p>\n<p><img decoding=\"async\" class=\"alignnone wp-image-1022 aligncenter\" src=\"https:\/\/splelkowo.pl\/wordpress\/wp-content\/uploads\/2025\/04\/logotypy-LOWE-300x35.jpg\" alt=\"\" width=\"446\" height=\"52\" srcset=\"https:\/\/splelkowo.pl\/wordpress\/wp-content\/uploads\/2025\/04\/logotypy-LOWE-300x35.jpg 300w, https:\/\/splelkowo.pl\/wordpress\/wp-content\/uploads\/2025\/04\/logotypy-LOWE.jpg 624w\" sizes=\"(max-width: 446px) 100vw, 446px\" \/><\/p>\n<p>W ramach \u00a0projektu \u201eM\u0142odzi kreatywni\u201d nr FEWM 06.03-IZ.00-0058\/24 zosta\u0142y zorganizowane\u00a0w naszej szkole warsztaty antydyskryminacyjne pt. \u201eWIEM, WIDZ\u0118, REAGUJ\u0118&#8221; (w dniach 16 i 26 czerwca).<\/p>\n<p>Celem warsztat\u00f3w by\u0142o:<\/p>\n<p>rozwijanie wiedzy na temat mechanizm\u00f3w i przejaw\u00f3w dyskryminacji,<\/p>\n<p>nauka ich identyfikowania w codziennym \u017cyciu i w grupie r\u00f3wie\u015bniczej,<\/p>\n<p>podnoszenie umiej\u0119tno\u015bci reagowania na sytuacje dyskryminuj\u0105ce oraz promowanie postawy otwarto\u015bci i szacunku wobec r\u00f3\u017cnorodno\u015bci.<\/p>\n<p>Dzia\u0142ania te maj\u0105 na celu uwra\u017cliwienie uczestnik\u00f3w na warto\u015b\u0107 \u015brodowiska naturalnego oraz r\u00f3\u017cnorodno\u015b\u0107 kulturow\u0105 i spo\u0142eczn\u0105.<\/p>\n<p>#FunduszeUE<br \/>\n#FunduszeEuropejskiedlaWarmiiiMazur<br \/>\n#FunduszeNaZmiany<br \/>\n#M\u0142odzikreatywni<\/p>\n<p>&nbsp;<\/p>\n<div id='gallery-1' class='gallery galleryid-1300 gallery-columns-2 gallery-size-medium'><figure class='gallery-item'>\n\t\t\t<div class='gallery-icon portrait'>\n\t\t\t\t<a href='https:\/\/splelkowo.pl\/wordpress\/wiem-widze-reaguje-warsztaty-antyduskryminacyjne\/1-8\/'><img fetchpriority=\"high\" decoding=\"async\" width=\"272\" height=\"300\" src=\"https:\/\/splelkowo.pl\/wordpress\/wp-content\/uploads\/2025\/07\/1-272x300.jpg\" class=\"attachment-medium size-medium\" alt=\"\" srcset=\"https:\/\/splelkowo.pl\/wordpress\/wp-content\/uploads\/2025\/07\/1-272x300.jpg 272w, https:\/\/splelkowo.pl\/wordpress\/wp-content\/uploads\/2025\/07\/1-928x1024.jpg 928w, https:\/\/splelkowo.pl\/wordpress\/wp-content\/uploads\/2025\/07\/1-768x847.jpg 768w, https:\/\/splelkowo.pl\/wordpress\/wp-content\/uploads\/2025\/07\/1.jpg 962w\" sizes=\"(max-width: 272px) 100vw, 272px\" \/><\/a>\n\t\t\t<\/div><\/figure><figure class='gallery-item'>\n\t\t\t<div class='gallery-icon portrait'>\n\t\t\t\t<a href='https:\/\/splelkowo.pl\/wordpress\/wiem-widze-reaguje-warsztaty-antyduskryminacyjne\/attachment\/1000006984\/'><img loading=\"lazy\" decoding=\"async\" width=\"233\" height=\"300\" src=\"https:\/\/splelkowo.pl\/wordpress\/wp-content\/uploads\/2025\/07\/1000006984-233x300.jpg\" class=\"attachment-medium size-medium\" alt=\"\" srcset=\"https:\/\/splelkowo.pl\/wordpress\/wp-content\/uploads\/2025\/07\/1000006984-233x300.jpg 233w, https:\/\/splelkowo.pl\/wordpress\/wp-content\/uploads\/2025\/07\/1000006984-795x1024.jpg 795w, https:\/\/splelkowo.pl\/wordpress\/wp-content\/uploads\/2025\/07\/1000006984-768x989.jpg 768w, https:\/\/splelkowo.pl\/wordpress\/wp-content\/uploads\/2025\/07\/1000006984-1192x1536.jpg 1192w, https:\/\/splelkowo.pl\/wordpress\/wp-content\/uploads\/2025\/07\/1000006984.jpg 1242w\" sizes=\"(max-width: 233px) 100vw, 233px\" \/><\/a>\n\t\t\t<\/div><\/figure><figure class='gallery-item'>\n\t\t\t<div class='gallery-icon portrait'>\n\t\t\t\t<a href='https:\/\/splelkowo.pl\/wordpress\/wiem-widze-reaguje-warsztaty-antyduskryminacyjne\/attachment\/1000007008\/'><img loading=\"lazy\" decoding=\"async\" width=\"135\" height=\"300\" src=\"https:\/\/splelkowo.pl\/wordpress\/wp-content\/uploads\/2025\/07\/1000007008-135x300.jpg\" class=\"attachment-medium size-medium\" alt=\"\" srcset=\"https:\/\/splelkowo.pl\/wordpress\/wp-content\/uploads\/2025\/07\/1000007008-135x300.jpg 135w, https:\/\/splelkowo.pl\/wordpress\/wp-content\/uploads\/2025\/07\/1000007008-461x1024.jpg 461w, https:\/\/splelkowo.pl\/wordpress\/wp-content\/uploads\/2025\/07\/1000007008-691x1536.jpg 691w, https:\/\/splelkowo.pl\/wordpress\/wp-content\/uploads\/2025\/07\/1000007008.jpg 720w\" sizes=\"(max-width: 135px) 100vw, 135px\" \/><\/a>\n\t\t\t<\/div><\/figure><figure class='gallery-item'>\n\t\t\t<div class='gallery-icon portrait'>\n\t\t\t\t<a href='https:\/\/splelkowo.pl\/wordpress\/wiem-widze-reaguje-warsztaty-antyduskryminacyjne\/attachment\/1000006993\/'><img loading=\"lazy\" decoding=\"async\" width=\"135\" height=\"300\" src=\"https:\/\/splelkowo.pl\/wordpress\/wp-content\/uploads\/2025\/07\/1000006993-135x300.jpg\" class=\"attachment-medium size-medium\" alt=\"\" srcset=\"https:\/\/splelkowo.pl\/wordpress\/wp-content\/uploads\/2025\/07\/1000006993-135x300.jpg 135w, https:\/\/splelkowo.pl\/wordpress\/wp-content\/uploads\/2025\/07\/1000006993-461x1024.jpg 461w, https:\/\/splelkowo.pl\/wordpress\/wp-content\/uploads\/2025\/07\/1000006993-691x1536.jpg 691w, https:\/\/splelkowo.pl\/wordpress\/wp-content\/uploads\/2025\/07\/1000006993.jpg 720w\" sizes=\"(max-width: 135px) 100vw, 135px\" \/><\/a>\n\t\t\t<\/div><\/figure><figure class='gallery-item'>\n\t\t\t<div class='gallery-icon landscape'>\n\t\t\t\t<a href='https:\/\/splelkowo.pl\/wordpress\/wiem-widze-reaguje-warsztaty-antyduskryminacyjne\/attachment\/1000007011\/'><img loading=\"lazy\" decoding=\"async\" width=\"300\" height=\"135\" src=\"https:\/\/splelkowo.pl\/wordpress\/wp-content\/uploads\/2025\/07\/1000007011-300x135.jpg\" class=\"attachment-medium size-medium\" alt=\"\" srcset=\"https:\/\/splelkowo.pl\/wordpress\/wp-content\/uploads\/2025\/07\/1000007011-300x135.jpg 300w, https:\/\/splelkowo.pl\/wordpress\/wp-content\/uploads\/2025\/07\/1000007011-1024x461.jpg 1024w, https:\/\/splelkowo.pl\/wordpress\/wp-content\/uploads\/2025\/07\/1000007011-768x346.jpg 768w, https:\/\/splelkowo.pl\/wordpress\/wp-content\/uploads\/2025\/07\/1000007011-1536x691.jpg 1536w, https:\/\/splelkowo.pl\/wordpress\/wp-content\/uploads\/2025\/07\/1000007011.jpg 1600w\" sizes=\"(max-width: 300px) 100vw, 300px\" \/><\/a>\n\t\t\t<\/div><\/figure><figure class='gallery-item'>\n\t\t\t<div class='gallery-icon landscape'>\n\t\t\t\t<a href='https:\/\/splelkowo.pl\/wordpress\/wiem-widze-reaguje-warsztaty-antyduskryminacyjne\/attachment\/1000007025\/'><img loading=\"lazy\" decoding=\"async\" width=\"300\" height=\"163\" src=\"https:\/\/splelkowo.pl\/wordpress\/wp-content\/uploads\/2025\/07\/1000007025-300x163.jpg\" class=\"attachment-medium size-medium\" alt=\"\" srcset=\"https:\/\/splelkowo.pl\/wordpress\/wp-content\/uploads\/2025\/07\/1000007025-300x163.jpg 300w, https:\/\/splelkowo.pl\/wordpress\/wp-content\/uploads\/2025\/07\/1000007025-1024x557.jpg 1024w, https:\/\/splelkowo.pl\/wordpress\/wp-content\/uploads\/2025\/07\/1000007025-768x418.jpg 768w, https:\/\/splelkowo.pl\/wordpress\/wp-content\/uploads\/2025\/07\/1000007025-1536x836.jpg 1536w, https:\/\/splelkowo.pl\/wordpress\/wp-content\/uploads\/2025\/07\/1000007025.jpg 1600w\" sizes=\"(max-width: 300px) 100vw, 300px\" \/><\/a>\n\t\t\t<\/div><\/figure><figure class='gallery-item'>\n\t\t\t<div class='gallery-icon portrait'>\n\t\t\t\t<a href='https:\/\/splelkowo.pl\/wordpress\/wiem-widze-reaguje-warsztaty-antyduskryminacyjne\/attachment\/1000007014\/'><img loading=\"lazy\" decoding=\"async\" width=\"187\" height=\"300\" src=\"https:\/\/splelkowo.pl\/wordpress\/wp-content\/uploads\/2025\/07\/1000007014-187x300.jpg\" class=\"attachment-medium size-medium\" alt=\"\" srcset=\"https:\/\/splelkowo.pl\/wordpress\/wp-content\/uploads\/2025\/07\/1000007014-187x300.jpg 187w, https:\/\/splelkowo.pl\/wordpress\/wp-content\/uploads\/2025\/07\/1000007014-639x1024.jpg 639w, https:\/\/splelkowo.pl\/wordpress\/wp-content\/uploads\/2025\/07\/1000007014-768x1232.jpg 768w, https:\/\/splelkowo.pl\/wordpress\/wp-content\/uploads\/2025\/07\/1000007014.jpg 908w\" sizes=\"(max-width: 187px) 100vw, 187px\" \/><\/a>\n\t\t\t<\/div><\/figure>\n\t\t<\/div>\n\n","protected":false},"excerpt":{"rendered":"<p>W ramach \u00a0projektu \u201eM\u0142odzi kreatywni\u201d nr FEWM 06.03-IZ.00-0058\/24 zosta\u0142y zorganizowane\u00a0w naszej szkole warsztaty antydyskryminacyjne pt. \u201eWIEM, WIDZ\u0118, REAGUJ\u0118&#8221; (w dniach 16 i 26 czerwca). Celem warsztat\u00f3w by\u0142o: rozwijanie wiedzy na temat mechanizm\u00f3w i przejaw\u00f3w dyskryminacji, nauka ich identyfikowania w codziennym \u017cyciu i w grupie r\u00f3wie\u015bniczej, podnoszenie umiej\u0119tno\u015bci reagowania na sytuacje dyskryminuj\u0105ce oraz promowanie postawy otwarto\u015bci i szacunku wobec r\u00f3\u017cnorodno\u015bci. Dzia\u0142ania te maj\u0105 na celu uwra\u017cliwienie uczestnik\u00f3w na warto\u015b\u0107 \u015brodowiska naturalnego oraz r\u00f3\u017cnorodno\u015b\u0107 kulturow\u0105 i spo\u0142eczn\u0105. #FunduszeUE #FunduszeEuropejskiedlaWarmiiiMazur #FunduszeNaZmiany #M\u0142odzikreatywni &nbsp;<\/p>\n","protected":false},"author":2,"featured_media":1308,"comment_status":"closed","ping_status":"closed","sticky":false,"template":"","format":"standard","meta":{"site-sidebar-layout":"default","site-content-layout":"","ast-site-content-layout":"default","site-content-style":"default","site-sidebar-style":"default","ast-global-header-display":"","ast-banner-title-visibility":"","ast-main-header-display":"","ast-hfb-above-header-display":"","ast-hfb-below-header-display":"","ast-hfb-mobile-header-display":"","site-post-title":"","ast-breadcrumbs-content":"","ast-featured-img":"","footer-sml-layout":"","ast-disable-related-posts":"","theme-transparent-header-meta":"default","adv-header-id-meta":"","stick-header-meta":"","header-above-stick-meta":"","header-main-stick-meta":"","header-below-stick-meta":"","astra-migrate-meta-layouts":"set","ast-page-background-enabled":"default","ast-page-background-meta":{"desktop":{"background-color":"var(--ast-global-color-4)","background-image":"","background-repeat":"repeat","background-position":"center center","background-size":"auto","background-attachment":"scroll","background-type":"","background-media":"","overlay-type":"","overlay-color":"","overlay-opacity":"","overlay-gradient":""},"tablet":{"background-color":"","background-image":"","background-repeat":"repeat","background-position":"center center","background-size":"auto","background-attachment":"scroll","background-type":"","background-media":"","overlay-type":"","overlay-color":"","overlay-opacity":"","overlay-gradient":""},"mobile":{"background-color":"","background-image":"","background-repeat":"repeat","background-position":"center center","background-size":"auto","background-attachment":"scroll","background-type":"","background-media":"","overlay-type":"","overlay-color":"","overlay-opacity":"","overlay-gradient":""}},"ast-content-background-meta":{"desktop":{"background-color":"var(--ast-global-color-5)","background-image":"","background-repeat":"repeat","background-position":"center center","background-size":"auto","background-attachment":"scroll","background-type":"","background-media":"","overlay-type":"","overlay-color":"","overlay-opacity":"","overlay-gradient":""},"tablet":{"background-color":"var(--ast-global-color-5)","background-image":"","background-repeat":"repeat","background-position":"center center","background-size":"auto","background-attachment":"scroll","background-type":"","background-media":"","overlay-type":"","overlay-color":"","overlay-opacity":"","overlay-gradient":""},"mobile":{"background-color":"var(--ast-global-color-5)","background-image":"","background-repeat":"repeat","background-position":"center center","background-size":"auto","background-attachment":"scroll","background-type":"","background-media":"","overlay-type":"","overlay-color":"","overlay-opacity":"","overlay-gradient":""}},"footnotes":""},"categories":[4],"tags":[],"class_list":["post-1300","post","type-post","status-publish","format-standard","has-post-thumbnail","hentry","category-aktualnosci"],"_links":{"self":[{"href":"https:\/\/splelkowo.pl\/wordpress\/wp-json\/wp\/v2\/posts\/1300","targetHints":{"allow":["GET"]}}],"collection":[{"href":"https:\/\/splelkowo.pl\/wordpress\/wp-json\/wp\/v2\/posts"}],"about":[{"href":"https:\/\/splelkowo.pl\/wordpress\/wp-json\/wp\/v2\/types\/post"}],"author":[{"embeddable":true,"href":"https:\/\/splelkowo.pl\/wordpress\/wp-json\/wp\/v2\/users\/2"}],"replies":[{"embeddable":true,"href":"https:\/\/splelkowo.pl\/wordpress\/wp-json\/wp\/v2\/comments?post=1300"}],"version-history":[{"count":2,"href":"https:\/\/splelkowo.pl\/wordpress\/wp-json\/wp\/v2\/posts\/1300\/revisions"}],"predecessor-version":[{"id":1903,"href":"https:\/\/splelkowo.pl\/wordpress\/wp-json\/wp\/v2\/posts\/1300\/revisions\/1903"}],"wp:featuredmedia":[{"embeddable":true,"href":"https:\/\/splelkowo.pl\/wordpress\/wp-json\/wp\/v2\/media\/1308"}],"wp:attachment":[{"href":"https:\/\/splelkowo.pl\/wordpress\/wp-json\/wp\/v2\/media?parent=1300"}],"wp:term":[{"taxonomy":"category","embeddable":true,"href":"https:\/\/splelkowo.pl\/wordpress\/wp-json\/wp\/v2\/categories?post=1300"},{"taxonomy":"post_tag","embeddable":true,"href":"https:\/\/splelkowo.pl\/wordpress\/wp-json\/wp\/v2\/tags?post=1300"}],"curies":[{"name":"wp","href":"https:\/\/api.w.org\/{rel}","templated":true}]}}