{"id":1405,"date":"2025-09-04T11:46:50","date_gmt":"2025-09-04T09:46:50","guid":{"rendered":"https:\/\/splelkowo.pl\/wordpress\/?p=1405"},"modified":"2025-09-04T11:46:50","modified_gmt":"2025-09-04T09:46:50","slug":"zaczynamy-nowy-rok-szkolny","status":"publish","type":"post","link":"https:\/\/splelkowo.pl\/wordpress\/zaczynamy-nowy-rok-szkolny\/","title":{"rendered":"Zaczynamy nowy rok szkolny!"},"content":{"rendered":"<p>Witajcie po wakacjach!<\/p>\n<p>Uroczyste rozpocz\u0119cie roku szkolnego 2025\/ 2026 za nami! Pani Dyrektor Bo\u017cena Turczyn powita\u0142a\u00a0 zaproszonych go\u015bci- W\u00f3jta gminy- Pana \u0141ukasza Skrzeszewskiego, przewodnicz\u0105cych Rad Rodzic\u00f3w- Pani\u0105 Ann\u0119 Rykaczewsk\u0105 i Pana Pana Krzysztofa Gontarczyka,uczni\u00f3w, rodzic\u00f3w, nauczycieli\u00a0 oraz pracownik\u00f3w szko\u0142y.\u00a0 Podkre\u015bli\u0142a, \u017ce jest to dzie\u0144 wyj\u0105tkowy, nie tylko dlatego, \u017ce wracamy do szkolnych \u0142awek po wakacyjnej przerwie, ale tak\u017ce dlatego, \u017ce od\u00a0 tego roku po\u0142\u0105czone szko\u0142y w Zagajach i Lelkowie\u00a0 tworz\u0105 jedn\u0105, wsp\u00f3ln\u0105 spo\u0142eczno\u015b\u0107.\u00a0 Dlatego te\u017c\u00a0 przedstawi\u0142a zgromadzonym wicedyrektora szko\u0142y- Pani\u0105 Urszul\u0119 Mazurek oraz ca\u0142e grono pedagogiczne.<\/p>\n<p>Na apelu wr\u0119czono nagrody jubileuszowe i pi\u0119kne bukiety nauczycielom obchodz\u0105cym jubileusz pracy- Pani Annie Andrejuk &#8211; Klufas, Miros\u0142awie Kich,\u00a0 Urszuli Mazurek i Joannie Trzebi\u0144skiej.<\/p>\n<p>Przed nami\u00a0 rok pe\u0142en nowych wyzwa\u0144, przyg\u00f3d, nauki i zabawy. Niech szko\u0142a b\u0119dzie miejscem, do kt\u00f3rego przychodzimy z u\u015bmiechem i ciekawo\u015bci\u0105! Niech b\u0119dzie tu miejsce na przyja\u017a\u0144, odkrywanie \u015bwiata i realizacje marze\u0144.<\/p>\n<p>Pami\u0119tajcie- w naszej szkole- ka\u017cdy z Was jest wa\u017cny!<\/p>\n<div id='gallery-1' class='gallery galleryid-1405 gallery-columns-3 gallery-size-medium'><figure class='gallery-item'>\n\t\t\t<div class='gallery-icon landscape'>\n\t\t\t\t<a href='https:\/\/splelkowo.pl\/wordpress\/zaczynamy-nowy-rok-szkolny\/5-7\/'><img fetchpriority=\"high\" decoding=\"async\" width=\"300\" height=\"226\" src=\"https:\/\/splelkowo.pl\/wordpress\/wp-content\/uploads\/2025\/09\/5-300x226.jpg\" class=\"attachment-medium size-medium\" alt=\"\" srcset=\"https:\/\/splelkowo.pl\/wordpress\/wp-content\/uploads\/2025\/09\/5-300x226.jpg 300w, https:\/\/splelkowo.pl\/wordpress\/wp-content\/uploads\/2025\/09\/5-1024x771.jpg 1024w, https:\/\/splelkowo.pl\/wordpress\/wp-content\/uploads\/2025\/09\/5-768x578.jpg 768w, https:\/\/splelkowo.pl\/wordpress\/wp-content\/uploads\/2025\/09\/5-1536x1156.jpg 1536w, https:\/\/splelkowo.pl\/wordpress\/wp-content\/uploads\/2025\/09\/5.jpg 1600w\" sizes=\"(max-width: 300px) 100vw, 300px\" \/><\/a>\n\t\t\t<\/div><\/figure><figure class='gallery-item'>\n\t\t\t<div class='gallery-icon landscape'>\n\t\t\t\t<a href='https:\/\/splelkowo.pl\/wordpress\/zaczynamy-nowy-rok-szkolny\/3-7\/'><img decoding=\"async\" width=\"300\" height=\"226\" src=\"https:\/\/splelkowo.pl\/wordpress\/wp-content\/uploads\/2025\/09\/3-300x226.jpg\" class=\"attachment-medium size-medium\" alt=\"\" srcset=\"https:\/\/splelkowo.pl\/wordpress\/wp-content\/uploads\/2025\/09\/3-300x226.jpg 300w, https:\/\/splelkowo.pl\/wordpress\/wp-content\/uploads\/2025\/09\/3-1024x771.jpg 1024w, https:\/\/splelkowo.pl\/wordpress\/wp-content\/uploads\/2025\/09\/3-768x578.jpg 768w, https:\/\/splelkowo.pl\/wordpress\/wp-content\/uploads\/2025\/09\/3-1536x1156.jpg 1536w, https:\/\/splelkowo.pl\/wordpress\/wp-content\/uploads\/2025\/09\/3.jpg 1600w\" sizes=\"(max-width: 300px) 100vw, 300px\" \/><\/a>\n\t\t\t<\/div><\/figure><figure class='gallery-item'>\n\t\t\t<div class='gallery-icon portrait'>\n\t\t\t\t<a href='https:\/\/splelkowo.pl\/wordpress\/zaczynamy-nowy-rok-szkolny\/1-9\/'><img decoding=\"async\" width=\"226\" height=\"300\" src=\"https:\/\/splelkowo.pl\/wordpress\/wp-content\/uploads\/2025\/09\/1-226x300.jpg\" class=\"attachment-medium size-medium\" alt=\"\" srcset=\"https:\/\/splelkowo.pl\/wordpress\/wp-content\/uploads\/2025\/09\/1-226x300.jpg 226w, https:\/\/splelkowo.pl\/wordpress\/wp-content\/uploads\/2025\/09\/1-771x1024.jpg 771w, https:\/\/splelkowo.pl\/wordpress\/wp-content\/uploads\/2025\/09\/1-768x1021.jpg 768w, https:\/\/splelkowo.pl\/wordpress\/wp-content\/uploads\/2025\/09\/1-1156x1536.jpg 1156w, https:\/\/splelkowo.pl\/wordpress\/wp-content\/uploads\/2025\/09\/1.jpg 1204w\" sizes=\"(max-width: 226px) 100vw, 226px\" \/><\/a>\n\t\t\t<\/div><\/figure><figure class='gallery-item'>\n\t\t\t<div class='gallery-icon landscape'>\n\t\t\t\t<a href='https:\/\/splelkowo.pl\/wordpress\/zaczynamy-nowy-rok-szkolny\/6-4\/'><img loading=\"lazy\" decoding=\"async\" width=\"300\" height=\"226\" src=\"https:\/\/splelkowo.pl\/wordpress\/wp-content\/uploads\/2025\/09\/6-300x226.jpg\" class=\"attachment-medium size-medium\" alt=\"\" srcset=\"https:\/\/splelkowo.pl\/wordpress\/wp-content\/uploads\/2025\/09\/6-300x226.jpg 300w, https:\/\/splelkowo.pl\/wordpress\/wp-content\/uploads\/2025\/09\/6-1024x771.jpg 1024w, https:\/\/splelkowo.pl\/wordpress\/wp-content\/uploads\/2025\/09\/6-768x578.jpg 768w, https:\/\/splelkowo.pl\/wordpress\/wp-content\/uploads\/2025\/09\/6-1536x1156.jpg 1536w, https:\/\/splelkowo.pl\/wordpress\/wp-content\/uploads\/2025\/09\/6.jpg 1600w\" sizes=\"(max-width: 300px) 100vw, 300px\" \/><\/a>\n\t\t\t<\/div><\/figure><figure class='gallery-item'>\n\t\t\t<div class='gallery-icon landscape'>\n\t\t\t\t<a href='https:\/\/splelkowo.pl\/wordpress\/zaczynamy-nowy-rok-szkolny\/attachment\/1000007630\/'><img loading=\"lazy\" decoding=\"async\" width=\"300\" height=\"226\" src=\"https:\/\/splelkowo.pl\/wordpress\/wp-content\/uploads\/2025\/09\/1000007630-300x226.jpg\" class=\"attachment-medium size-medium\" alt=\"\" srcset=\"https:\/\/splelkowo.pl\/wordpress\/wp-content\/uploads\/2025\/09\/1000007630-300x226.jpg 300w, https:\/\/splelkowo.pl\/wordpress\/wp-content\/uploads\/2025\/09\/1000007630-1024x771.jpg 1024w, https:\/\/splelkowo.pl\/wordpress\/wp-content\/uploads\/2025\/09\/1000007630-768x578.jpg 768w, https:\/\/splelkowo.pl\/wordpress\/wp-content\/uploads\/2025\/09\/1000007630-1536x1156.jpg 1536w, https:\/\/splelkowo.pl\/wordpress\/wp-content\/uploads\/2025\/09\/1000007630.jpg 1600w\" sizes=\"(max-width: 300px) 100vw, 300px\" \/><\/a>\n\t\t\t<\/div><\/figure><figure class='gallery-item'>\n\t\t\t<div class='gallery-icon landscape'>\n\t\t\t\t<a href='https:\/\/splelkowo.pl\/wordpress\/zaczynamy-nowy-rok-szkolny\/2-8\/'><img loading=\"lazy\" decoding=\"async\" width=\"300\" height=\"226\" src=\"https:\/\/splelkowo.pl\/wordpress\/wp-content\/uploads\/2025\/09\/2-300x226.jpg\" class=\"attachment-medium size-medium\" alt=\"\" srcset=\"https:\/\/splelkowo.pl\/wordpress\/wp-content\/uploads\/2025\/09\/2-300x226.jpg 300w, https:\/\/splelkowo.pl\/wordpress\/wp-content\/uploads\/2025\/09\/2-1024x771.jpg 1024w, https:\/\/splelkowo.pl\/wordpress\/wp-content\/uploads\/2025\/09\/2-768x578.jpg 768w, https:\/\/splelkowo.pl\/wordpress\/wp-content\/uploads\/2025\/09\/2-1536x1156.jpg 1536w, https:\/\/splelkowo.pl\/wordpress\/wp-content\/uploads\/2025\/09\/2.jpg 1600w\" sizes=\"(max-width: 300px) 100vw, 300px\" \/><\/a>\n\t\t\t<\/div><\/figure><figure class='gallery-item'>\n\t\t\t<div class='gallery-icon landscape'>\n\t\t\t\t<a href='https:\/\/splelkowo.pl\/wordpress\/zaczynamy-nowy-rok-szkolny\/4-7\/'><img loading=\"lazy\" decoding=\"async\" width=\"300\" height=\"226\" src=\"https:\/\/splelkowo.pl\/wordpress\/wp-content\/uploads\/2025\/09\/4-300x226.jpg\" class=\"attachment-medium size-medium\" alt=\"\" srcset=\"https:\/\/splelkowo.pl\/wordpress\/wp-content\/uploads\/2025\/09\/4-300x226.jpg 300w, https:\/\/splelkowo.pl\/wordpress\/wp-content\/uploads\/2025\/09\/4-1024x771.jpg 1024w, https:\/\/splelkowo.pl\/wordpress\/wp-content\/uploads\/2025\/09\/4-768x578.jpg 768w, https:\/\/splelkowo.pl\/wordpress\/wp-content\/uploads\/2025\/09\/4-1536x1156.jpg 1536w, https:\/\/splelkowo.pl\/wordpress\/wp-content\/uploads\/2025\/09\/4.jpg 1600w\" sizes=\"(max-width: 300px) 100vw, 300px\" \/><\/a>\n\t\t\t<\/div><\/figure><figure class='gallery-item'>\n\t\t\t<div class='gallery-icon landscape'>\n\t\t\t\t<a href='https:\/\/splelkowo.pl\/wordpress\/zaczynamy-nowy-rok-szkolny\/attachment\/1000007645\/'><img loading=\"lazy\" decoding=\"async\" width=\"300\" height=\"226\" src=\"https:\/\/splelkowo.pl\/wordpress\/wp-content\/uploads\/2025\/09\/1000007645-300x226.jpg\" class=\"attachment-medium size-medium\" alt=\"\" srcset=\"https:\/\/splelkowo.pl\/wordpress\/wp-content\/uploads\/2025\/09\/1000007645-300x226.jpg 300w, https:\/\/splelkowo.pl\/wordpress\/wp-content\/uploads\/2025\/09\/1000007645-1024x771.jpg 1024w, https:\/\/splelkowo.pl\/wordpress\/wp-content\/uploads\/2025\/09\/1000007645-768x578.jpg 768w, https:\/\/splelkowo.pl\/wordpress\/wp-content\/uploads\/2025\/09\/1000007645-1536x1156.jpg 1536w, https:\/\/splelkowo.pl\/wordpress\/wp-content\/uploads\/2025\/09\/1000007645.jpg 1600w\" sizes=\"(max-width: 300px) 100vw, 300px\" \/><\/a>\n\t\t\t<\/div><\/figure>\n\t\t<\/div>\n\n","protected":false},"excerpt":{"rendered":"<p>Witajcie po wakacjach! Uroczyste rozpocz\u0119cie roku szkolnego 2025\/ 2026 za nami! Pani Dyrektor Bo\u017cena Turczyn powita\u0142a\u00a0 zaproszonych go\u015bci- W\u00f3jta gminy- Pana \u0141ukasza Skrzeszewskiego, przewodnicz\u0105cych Rad Rodzic\u00f3w- Pani\u0105 Ann\u0119 Rykaczewsk\u0105 i Pana Pana Krzysztofa Gontarczyka,uczni\u00f3w, rodzic\u00f3w, nauczycieli\u00a0 oraz pracownik\u00f3w szko\u0142y.\u00a0 Podkre\u015bli\u0142a, \u017ce jest to dzie\u0144 wyj\u0105tkowy, nie tylko dlatego, \u017ce wracamy do szkolnych \u0142awek po wakacyjnej przerwie, ale tak\u017ce dlatego, \u017ce od\u00a0 tego roku po\u0142\u0105czone szko\u0142y w Zagajach i Lelkowie\u00a0 tworz\u0105 jedn\u0105, wsp\u00f3ln\u0105 spo\u0142eczno\u015b\u0107.\u00a0 Dlatego te\u017c\u00a0 przedstawi\u0142a zgromadzonym wicedyrektora szko\u0142y- Pani\u0105 Urszul\u0119 Mazurek oraz ca\u0142e grono pedagogiczne. Na apelu wr\u0119czono nagrody jubileuszowe i pi\u0119kne bukiety nauczycielom obchodz\u0105cym jubileusz pracy- Pani Annie Andrejuk &#8211; Klufas, Miros\u0142awie Kich,\u00a0 Urszuli Mazurek i Joannie Trzebi\u0144skiej. Przed nami\u00a0 rok pe\u0142en nowych wyzwa\u0144, przyg\u00f3d, nauki i zabawy. Niech szko\u0142a b\u0119dzie miejscem, do kt\u00f3rego przychodzimy z u\u015bmiechem i ciekawo\u015bci\u0105! Niech b\u0119dzie tu miejsce na przyja\u017a\u0144, odkrywanie \u015bwiata i realizacje marze\u0144. Pami\u0119tajcie- w naszej szkole- ka\u017cdy z Was jest wa\u017cny!<\/p>\n","protected":false},"author":2,"featured_media":1414,"comment_status":"closed","ping_status":"closed","sticky":false,"template":"","format":"standard","meta":{"site-sidebar-layout":"default","site-content-layout":"","ast-site-content-layout":"default","site-content-style":"default","site-sidebar-style":"default","ast-global-header-display":"","ast-banner-title-visibility":"","ast-main-header-display":"","ast-hfb-above-header-display":"","ast-hfb-below-header-display":"","ast-hfb-mobile-header-display":"","site-post-title":"","ast-breadcrumbs-content":"","ast-featured-img":"","footer-sml-layout":"","ast-disable-related-posts":"","theme-transparent-header-meta":"default","adv-header-id-meta":"","stick-header-meta":"","header-above-stick-meta":"","header-main-stick-meta":"","header-below-stick-meta":"","astra-migrate-meta-layouts":"set","ast-page-background-enabled":"default","ast-page-background-meta":{"desktop":{"background-color":"var(--ast-global-color-4)","background-image":"","background-repeat":"repeat","background-position":"center center","background-size":"auto","background-attachment":"scroll","background-type":"","background-media":"","overlay-type":"","overlay-color":"","overlay-opacity":"","overlay-gradient":""},"tablet":{"background-color":"","background-image":"","background-repeat":"repeat","background-position":"center center","background-size":"auto","background-attachment":"scroll","background-type":"","background-media":"","overlay-type":"","overlay-color":"","overlay-opacity":"","overlay-gradient":""},"mobile":{"background-color":"","background-image":"","background-repeat":"repeat","background-position":"center center","background-size":"auto","background-attachment":"scroll","background-type":"","background-media":"","overlay-type":"","overlay-color":"","overlay-opacity":"","overlay-gradient":""}},"ast-content-background-meta":{"desktop":{"background-color":"var(--ast-global-color-5)","background-image":"","background-repeat":"repeat","background-position":"center center","background-size":"auto","background-attachment":"scroll","background-type":"","background-media":"","overlay-type":"","overlay-color":"","overlay-opacity":"","overlay-gradient":""},"tablet":{"background-color":"var(--ast-global-color-5)","background-image":"","background-repeat":"repeat","background-position":"center center","background-size":"auto","background-attachment":"scroll","background-type":"","background-media":"","overlay-type":"","overlay-color":"","overlay-opacity":"","overlay-gradient":""},"mobile":{"background-color":"var(--ast-global-color-5)","background-image":"","background-repeat":"repeat","background-position":"center center","background-size":"auto","background-attachment":"scroll","background-type":"","background-media":"","overlay-type":"","overlay-color":"","overlay-opacity":"","overlay-gradient":""}},"footnotes":""},"categories":[4],"tags":[],"class_list":["post-1405","post","type-post","status-publish","format-standard","has-post-thumbnail","hentry","category-aktualnosci"],"_links":{"self":[{"href":"https:\/\/splelkowo.pl\/wordpress\/wp-json\/wp\/v2\/posts\/1405","targetHints":{"allow":["GET"]}}],"collection":[{"href":"https:\/\/splelkowo.pl\/wordpress\/wp-json\/wp\/v2\/posts"}],"about":[{"href":"https:\/\/splelkowo.pl\/wordpress\/wp-json\/wp\/v2\/types\/post"}],"author":[{"embeddable":true,"href":"https:\/\/splelkowo.pl\/wordpress\/wp-json\/wp\/v2\/users\/2"}],"replies":[{"embeddable":true,"href":"https:\/\/splelkowo.pl\/wordpress\/wp-json\/wp\/v2\/comments?post=1405"}],"version-history":[{"count":1,"href":"https:\/\/splelkowo.pl\/wordpress\/wp-json\/wp\/v2\/posts\/1405\/revisions"}],"predecessor-version":[{"id":1415,"href":"https:\/\/splelkowo.pl\/wordpress\/wp-json\/wp\/v2\/posts\/1405\/revisions\/1415"}],"wp:featuredmedia":[{"embeddable":true,"href":"https:\/\/splelkowo.pl\/wordpress\/wp-json\/wp\/v2\/media\/1414"}],"wp:attachment":[{"href":"https:\/\/splelkowo.pl\/wordpress\/wp-json\/wp\/v2\/media?parent=1405"}],"wp:term":[{"taxonomy":"category","embeddable":true,"href":"https:\/\/splelkowo.pl\/wordpress\/wp-json\/wp\/v2\/categories?post=1405"},{"taxonomy":"post_tag","embeddable":true,"href":"https:\/\/splelkowo.pl\/wordpress\/wp-json\/wp\/v2\/tags?post=1405"}],"curies":[{"name":"wp","href":"https:\/\/api.w.org\/{rel}","templated":true}]}}