{"id":1685,"date":"2025-11-14T21:35:45","date_gmt":"2025-11-14T20:35:45","guid":{"rendered":"https:\/\/splelkowo.pl\/wordpress\/?p=1685"},"modified":"2025-11-14T21:35:45","modified_gmt":"2025-11-14T20:35:45","slug":"swieto-niepodleglosci","status":"publish","type":"post","link":"https:\/\/splelkowo.pl\/wordpress\/swieto-niepodleglosci\/","title":{"rendered":"\u015awi\u0119to Niepodleg\u0142o\u015bci"},"content":{"rendered":"<p>Narodowe \u015awi\u0119to Niepodleg\u0142o\u015bci to wa\u017cne i pi\u0119kne \u015bwi\u0119to \u2013 \u015bwi\u0119to ka\u017cdego Polaka. Dzie\u0144 11 listopada przypomina nam, \u017ce wolno\u015b\u0107 raz zdobyta i niepodleg\u0142o\u015b\u0107 raz osi\u0105gni\u0119ta nie s\u0105 dane na zawsze, lecz nale\u017cy wci\u0105\u017c dba\u0107 o te warto\u015bci i stale je piel\u0119gnowa\u0107.<\/p>\n<p>Tradycyjnie uczcili\u015bmy rocznic\u0119 odzyskania przez Polsk\u0119 niepodleg\u0142o\u015bci wsp\u00f3lnym \u015bwi\u0119towaniem, kt\u00f3re zgromadzi\u0142o zaproszonych go\u015bci, przedstawicieli w\u0142adz samorz\u0105dowych, poczty sztandarowe, mieszka\u0144c\u00f3w, uczni\u00f3w i nauczycieli.<\/p>\n<p>Uroczysto\u015bci rozpocz\u0119\u0142y si\u0119 Msz\u0105 \u015awi\u0119t\u0105 w intencji Ojczyzny celebrowan\u0105 przez ks. Stanis\u0142awa Szyma\u0144skiego, ks. Paw\u0142a Roszy\u0144skiego oraz ks. Krzysztofa Jedwabnika.<\/p>\n<p>Po nabo\u017ce\u0144stwie uczestnicy przemaszerowali do Szko\u0142a Podstawowa im. Or\u0142a Bia\u0142ego w Lelkowie, gdzie wszystkich zebranych przywita\u0142a Pani Bo\u017cena Turczyn- Dyrektor Szko\u0142y.<\/p>\n<p>Jednym z punkt\u00f3w uroczysto\u015bci by\u0142 wyst\u0119p naszego absolwenta Pana Piotra Krupy, kt\u00f3ry wykona\u0142 na akordeonie pie\u015bni patriotyczne.<\/p>\n<p>Rozstrzygni\u0119to r\u00f3wnie\u017c konkurs plastyczny \u201ePolska- moja Ojczyzna\u201d, a zwyci\u0119zc\u0105 wr\u0119czono nagrody, ufundowane przez Pana \u0141ukasza Skrzeszewskiego- W\u00f3jta Gminy Lelkowo.<\/p>\n<p>Laureaci konkursu:<\/p>\n<p>miejsce I &#8211; Dominik Smor\u0105giewicz<\/p>\n<p>miejsce II &#8211; \u00a0Antoni Kruszy\u0144ski, Ksenia Koziej<\/p>\n<p>miejsce III &#8211; \u00a0Lena Hamada, Zosia Klisz<\/p>\n<p>&nbsp;<\/p>\n<p>Na zako\u0144czenie uczniowie klas IV i V pod kierunkiem Pani Anny Urawskiej i Lucyny Kanieckiej-Bia\u0142kowskiej zaprezentowali program artystyczny &#8211; pe\u0142en pie\u015bni patriotycznych, wierszy i symboli narodowych &#8211; kt\u00f3ry w pi\u0119kny spos\u00f3b upami\u0119tni\u0142 bohater\u00f3w walk o niepodleg\u0142o\u015b\u0107.<\/p>\n<p>&nbsp;<\/p>\n<div id='gallery-1' class='gallery galleryid-1685 gallery-columns-3 gallery-size-medium'><figure class='gallery-item'>\n\t\t\t<div class='gallery-icon portrait'>\n\t\t\t\t<a href='https:\/\/splelkowo.pl\/wordpress\/swieto-niepodleglosci\/1-19\/'><img fetchpriority=\"high\" decoding=\"async\" width=\"225\" height=\"300\" src=\"https:\/\/splelkowo.pl\/wordpress\/wp-content\/uploads\/2025\/11\/1-1-225x300.jpg\" class=\"attachment-medium size-medium\" alt=\"\" srcset=\"https:\/\/splelkowo.pl\/wordpress\/wp-content\/uploads\/2025\/11\/1-1-225x300.jpg 225w, https:\/\/splelkowo.pl\/wordpress\/wp-content\/uploads\/2025\/11\/1-1-768x1024.jpg 768w, https:\/\/splelkowo.pl\/wordpress\/wp-content\/uploads\/2025\/11\/1-1-1152x1536.jpg 1152w, https:\/\/splelkowo.pl\/wordpress\/wp-content\/uploads\/2025\/11\/1-1.jpg 1536w\" sizes=\"(max-width: 225px) 100vw, 225px\" \/><\/a>\n\t\t\t<\/div><\/figure><figure class='gallery-item'>\n\t\t\t<div class='gallery-icon portrait'>\n\t\t\t\t<a href='https:\/\/splelkowo.pl\/wordpress\/swieto-niepodleglosci\/3-17\/'><img decoding=\"async\" width=\"225\" height=\"300\" src=\"https:\/\/splelkowo.pl\/wordpress\/wp-content\/uploads\/2025\/11\/3-1-225x300.jpg\" class=\"attachment-medium size-medium\" alt=\"\" srcset=\"https:\/\/splelkowo.pl\/wordpress\/wp-content\/uploads\/2025\/11\/3-1-225x300.jpg 225w, https:\/\/splelkowo.pl\/wordpress\/wp-content\/uploads\/2025\/11\/3-1-768x1024.jpg 768w, https:\/\/splelkowo.pl\/wordpress\/wp-content\/uploads\/2025\/11\/3-1-1152x1536.jpg 1152w, https:\/\/splelkowo.pl\/wordpress\/wp-content\/uploads\/2025\/11\/3-1.jpg 1536w\" sizes=\"(max-width: 225px) 100vw, 225px\" \/><\/a>\n\t\t\t<\/div><\/figure><figure class='gallery-item'>\n\t\t\t<div class='gallery-icon portrait'>\n\t\t\t\t<a href='https:\/\/splelkowo.pl\/wordpress\/swieto-niepodleglosci\/4-17\/'><img decoding=\"async\" width=\"225\" height=\"300\" src=\"https:\/\/splelkowo.pl\/wordpress\/wp-content\/uploads\/2025\/11\/4-1-225x300.jpg\" class=\"attachment-medium size-medium\" alt=\"\" srcset=\"https:\/\/splelkowo.pl\/wordpress\/wp-content\/uploads\/2025\/11\/4-1-225x300.jpg 225w, https:\/\/splelkowo.pl\/wordpress\/wp-content\/uploads\/2025\/11\/4-1-768x1024.jpg 768w, https:\/\/splelkowo.pl\/wordpress\/wp-content\/uploads\/2025\/11\/4-1-1152x1536.jpg 1152w, https:\/\/splelkowo.pl\/wordpress\/wp-content\/uploads\/2025\/11\/4-1.jpg 1536w\" sizes=\"(max-width: 225px) 100vw, 225px\" \/><\/a>\n\t\t\t<\/div><\/figure><figure class='gallery-item'>\n\t\t\t<div class='gallery-icon landscape'>\n\t\t\t\t<a href='https:\/\/splelkowo.pl\/wordpress\/swieto-niepodleglosci\/attachment\/36\/'><img loading=\"lazy\" decoding=\"async\" width=\"300\" height=\"200\" src=\"https:\/\/splelkowo.pl\/wordpress\/wp-content\/uploads\/2025\/11\/36-300x200.jpg\" class=\"attachment-medium size-medium\" alt=\"\" srcset=\"https:\/\/splelkowo.pl\/wordpress\/wp-content\/uploads\/2025\/11\/36-300x200.jpg 300w, https:\/\/splelkowo.pl\/wordpress\/wp-content\/uploads\/2025\/11\/36-1024x683.jpg 1024w, https:\/\/splelkowo.pl\/wordpress\/wp-content\/uploads\/2025\/11\/36-768x512.jpg 768w, https:\/\/splelkowo.pl\/wordpress\/wp-content\/uploads\/2025\/11\/36-1536x1024.jpg 1536w, https:\/\/splelkowo.pl\/wordpress\/wp-content\/uploads\/2025\/11\/36.jpg 2048w\" sizes=\"(max-width: 300px) 100vw, 300px\" \/><\/a>\n\t\t\t<\/div><\/figure><figure class='gallery-item'>\n\t\t\t<div class='gallery-icon landscape'>\n\t\t\t\t<a href='https:\/\/splelkowo.pl\/wordpress\/swieto-niepodleglosci\/attachment\/35\/'><img loading=\"lazy\" decoding=\"async\" width=\"300\" height=\"200\" src=\"https:\/\/splelkowo.pl\/wordpress\/wp-content\/uploads\/2025\/11\/35-300x200.jpg\" class=\"attachment-medium size-medium\" alt=\"\" srcset=\"https:\/\/splelkowo.pl\/wordpress\/wp-content\/uploads\/2025\/11\/35-300x200.jpg 300w, https:\/\/splelkowo.pl\/wordpress\/wp-content\/uploads\/2025\/11\/35-1024x683.jpg 1024w, https:\/\/splelkowo.pl\/wordpress\/wp-content\/uploads\/2025\/11\/35-768x512.jpg 768w, https:\/\/splelkowo.pl\/wordpress\/wp-content\/uploads\/2025\/11\/35-1536x1024.jpg 1536w, https:\/\/splelkowo.pl\/wordpress\/wp-content\/uploads\/2025\/11\/35.jpg 2048w\" sizes=\"(max-width: 300px) 100vw, 300px\" \/><\/a>\n\t\t\t<\/div><\/figure><figure class='gallery-item'>\n\t\t\t<div class='gallery-icon portrait'>\n\t\t\t\t<a href='https:\/\/splelkowo.pl\/wordpress\/swieto-niepodleglosci\/5-15\/'><img loading=\"lazy\" decoding=\"async\" width=\"225\" height=\"300\" src=\"https:\/\/splelkowo.pl\/wordpress\/wp-content\/uploads\/2025\/11\/5-225x300.jpg\" class=\"attachment-medium size-medium\" alt=\"\" srcset=\"https:\/\/splelkowo.pl\/wordpress\/wp-content\/uploads\/2025\/11\/5-225x300.jpg 225w, https:\/\/splelkowo.pl\/wordpress\/wp-content\/uploads\/2025\/11\/5-768x1024.jpg 768w, https:\/\/splelkowo.pl\/wordpress\/wp-content\/uploads\/2025\/11\/5-1152x1536.jpg 1152w, https:\/\/splelkowo.pl\/wordpress\/wp-content\/uploads\/2025\/11\/5.jpg 1536w\" sizes=\"(max-width: 225px) 100vw, 225px\" \/><\/a>\n\t\t\t<\/div><\/figure><figure class='gallery-item'>\n\t\t\t<div class='gallery-icon portrait'>\n\t\t\t\t<a href='https:\/\/splelkowo.pl\/wordpress\/swieto-niepodleglosci\/6-10\/'><img loading=\"lazy\" decoding=\"async\" width=\"225\" height=\"300\" src=\"https:\/\/splelkowo.pl\/wordpress\/wp-content\/uploads\/2025\/11\/6-225x300.jpg\" class=\"attachment-medium size-medium\" alt=\"\" srcset=\"https:\/\/splelkowo.pl\/wordpress\/wp-content\/uploads\/2025\/11\/6-225x300.jpg 225w, https:\/\/splelkowo.pl\/wordpress\/wp-content\/uploads\/2025\/11\/6-768x1024.jpg 768w, https:\/\/splelkowo.pl\/wordpress\/wp-content\/uploads\/2025\/11\/6-1152x1536.jpg 1152w, https:\/\/splelkowo.pl\/wordpress\/wp-content\/uploads\/2025\/11\/6.jpg 1536w\" sizes=\"(max-width: 225px) 100vw, 225px\" \/><\/a>\n\t\t\t<\/div><\/figure><figure class='gallery-item'>\n\t\t\t<div class='gallery-icon portrait'>\n\t\t\t\t<a href='https:\/\/splelkowo.pl\/wordpress\/swieto-niepodleglosci\/12-4\/'><img loading=\"lazy\" decoding=\"async\" width=\"225\" height=\"300\" src=\"https:\/\/splelkowo.pl\/wordpress\/wp-content\/uploads\/2025\/11\/12-225x300.jpg\" class=\"attachment-medium size-medium\" alt=\"\" srcset=\"https:\/\/splelkowo.pl\/wordpress\/wp-content\/uploads\/2025\/11\/12-225x300.jpg 225w, https:\/\/splelkowo.pl\/wordpress\/wp-content\/uploads\/2025\/11\/12-768x1024.jpg 768w, https:\/\/splelkowo.pl\/wordpress\/wp-content\/uploads\/2025\/11\/12-1152x1536.jpg 1152w, https:\/\/splelkowo.pl\/wordpress\/wp-content\/uploads\/2025\/11\/12.jpg 1536w\" sizes=\"(max-width: 225px) 100vw, 225px\" \/><\/a>\n\t\t\t<\/div><\/figure><figure class='gallery-item'>\n\t\t\t<div class='gallery-icon portrait'>\n\t\t\t\t<a href='https:\/\/splelkowo.pl\/wordpress\/swieto-niepodleglosci\/11-5\/'><img loading=\"lazy\" decoding=\"async\" width=\"225\" height=\"300\" src=\"https:\/\/splelkowo.pl\/wordpress\/wp-content\/uploads\/2025\/11\/11-225x300.jpg\" class=\"attachment-medium size-medium\" alt=\"\" srcset=\"https:\/\/splelkowo.pl\/wordpress\/wp-content\/uploads\/2025\/11\/11-225x300.jpg 225w, https:\/\/splelkowo.pl\/wordpress\/wp-content\/uploads\/2025\/11\/11-768x1024.jpg 768w, https:\/\/splelkowo.pl\/wordpress\/wp-content\/uploads\/2025\/11\/11-1152x1536.jpg 1152w, https:\/\/splelkowo.pl\/wordpress\/wp-content\/uploads\/2025\/11\/11.jpg 1536w\" sizes=\"(max-width: 225px) 100vw, 225px\" \/><\/a>\n\t\t\t<\/div><\/figure><figure class='gallery-item'>\n\t\t\t<div class='gallery-icon portrait'>\n\t\t\t\t<a href='https:\/\/splelkowo.pl\/wordpress\/swieto-niepodleglosci\/9-6\/'><img loading=\"lazy\" decoding=\"async\" width=\"225\" height=\"300\" src=\"https:\/\/splelkowo.pl\/wordpress\/wp-content\/uploads\/2025\/11\/9-225x300.jpg\" class=\"attachment-medium size-medium\" alt=\"\" srcset=\"https:\/\/splelkowo.pl\/wordpress\/wp-content\/uploads\/2025\/11\/9-225x300.jpg 225w, https:\/\/splelkowo.pl\/wordpress\/wp-content\/uploads\/2025\/11\/9-768x1024.jpg 768w, https:\/\/splelkowo.pl\/wordpress\/wp-content\/uploads\/2025\/11\/9-1152x1536.jpg 1152w, https:\/\/splelkowo.pl\/wordpress\/wp-content\/uploads\/2025\/11\/9.jpg 1536w\" sizes=\"(max-width: 225px) 100vw, 225px\" \/><\/a>\n\t\t\t<\/div><\/figure><figure class='gallery-item'>\n\t\t\t<div class='gallery-icon portrait'>\n\t\t\t\t<a href='https:\/\/splelkowo.pl\/wordpress\/swieto-niepodleglosci\/10-6\/'><img loading=\"lazy\" decoding=\"async\" width=\"225\" height=\"300\" src=\"https:\/\/splelkowo.pl\/wordpress\/wp-content\/uploads\/2025\/11\/10-225x300.jpg\" class=\"attachment-medium size-medium\" alt=\"\" srcset=\"https:\/\/splelkowo.pl\/wordpress\/wp-content\/uploads\/2025\/11\/10-225x300.jpg 225w, https:\/\/splelkowo.pl\/wordpress\/wp-content\/uploads\/2025\/11\/10-768x1024.jpg 768w, https:\/\/splelkowo.pl\/wordpress\/wp-content\/uploads\/2025\/11\/10-1152x1536.jpg 1152w, https:\/\/splelkowo.pl\/wordpress\/wp-content\/uploads\/2025\/11\/10.jpg 1536w\" sizes=\"(max-width: 225px) 100vw, 225px\" \/><\/a>\n\t\t\t<\/div><\/figure><figure class='gallery-item'>\n\t\t\t<div class='gallery-icon portrait'>\n\t\t\t\t<a href='https:\/\/splelkowo.pl\/wordpress\/swieto-niepodleglosci\/attachment\/1763061455611\/'><img loading=\"lazy\" decoding=\"async\" width=\"134\" height=\"300\" src=\"https:\/\/splelkowo.pl\/wordpress\/wp-content\/uploads\/2025\/11\/1763061455611-134x300.jpg\" class=\"attachment-medium size-medium\" alt=\"\" srcset=\"https:\/\/splelkowo.pl\/wordpress\/wp-content\/uploads\/2025\/11\/1763061455611-134x300.jpg 134w, https:\/\/splelkowo.pl\/wordpress\/wp-content\/uploads\/2025\/11\/1763061455611-459x1024.jpg 459w, https:\/\/splelkowo.pl\/wordpress\/wp-content\/uploads\/2025\/11\/1763061455611-768x1714.jpg 768w, https:\/\/splelkowo.pl\/wordpress\/wp-content\/uploads\/2025\/11\/1763061455611-688x1536.jpg 688w, https:\/\/splelkowo.pl\/wordpress\/wp-content\/uploads\/2025\/11\/1763061455611-918x2048.jpg 918w, https:\/\/splelkowo.pl\/wordpress\/wp-content\/uploads\/2025\/11\/1763061455611-scaled.jpg 1147w\" sizes=\"(max-width: 134px) 100vw, 134px\" \/><\/a>\n\t\t\t<\/div><\/figure><figure class='gallery-item'>\n\t\t\t<div class='gallery-icon portrait'>\n\t\t\t\t<a href='https:\/\/splelkowo.pl\/wordpress\/swieto-niepodleglosci\/8-7\/'><img loading=\"lazy\" decoding=\"async\" width=\"225\" height=\"300\" src=\"https:\/\/splelkowo.pl\/wordpress\/wp-content\/uploads\/2025\/11\/8-225x300.jpg\" class=\"attachment-medium size-medium\" alt=\"\" srcset=\"https:\/\/splelkowo.pl\/wordpress\/wp-content\/uploads\/2025\/11\/8-225x300.jpg 225w, https:\/\/splelkowo.pl\/wordpress\/wp-content\/uploads\/2025\/11\/8-768x1024.jpg 768w, https:\/\/splelkowo.pl\/wordpress\/wp-content\/uploads\/2025\/11\/8-1152x1536.jpg 1152w, https:\/\/splelkowo.pl\/wordpress\/wp-content\/uploads\/2025\/11\/8.jpg 1536w\" sizes=\"(max-width: 225px) 100vw, 225px\" \/><\/a>\n\t\t\t<\/div><\/figure><figure class='gallery-item'>\n\t\t\t<div class='gallery-icon portrait'>\n\t\t\t\t<a href='https:\/\/splelkowo.pl\/wordpress\/swieto-niepodleglosci\/14-4\/'><img loading=\"lazy\" decoding=\"async\" width=\"225\" height=\"300\" src=\"https:\/\/splelkowo.pl\/wordpress\/wp-content\/uploads\/2025\/11\/14-225x300.jpg\" class=\"attachment-medium size-medium\" alt=\"\" srcset=\"https:\/\/splelkowo.pl\/wordpress\/wp-content\/uploads\/2025\/11\/14-225x300.jpg 225w, https:\/\/splelkowo.pl\/wordpress\/wp-content\/uploads\/2025\/11\/14-768x1024.jpg 768w, https:\/\/splelkowo.pl\/wordpress\/wp-content\/uploads\/2025\/11\/14-1152x1536.jpg 1152w, https:\/\/splelkowo.pl\/wordpress\/wp-content\/uploads\/2025\/11\/14.jpg 1536w\" sizes=\"(max-width: 225px) 100vw, 225px\" \/><\/a>\n\t\t\t<\/div><\/figure><figure class='gallery-item'>\n\t\t\t<div class='gallery-icon portrait'>\n\t\t\t\t<a href='https:\/\/splelkowo.pl\/wordpress\/swieto-niepodleglosci\/15-3\/'><img loading=\"lazy\" decoding=\"async\" width=\"225\" height=\"300\" src=\"https:\/\/splelkowo.pl\/wordpress\/wp-content\/uploads\/2025\/11\/15-225x300.jpg\" class=\"attachment-medium size-medium\" alt=\"\" srcset=\"https:\/\/splelkowo.pl\/wordpress\/wp-content\/uploads\/2025\/11\/15-225x300.jpg 225w, https:\/\/splelkowo.pl\/wordpress\/wp-content\/uploads\/2025\/11\/15-768x1024.jpg 768w, https:\/\/splelkowo.pl\/wordpress\/wp-content\/uploads\/2025\/11\/15-1152x1536.jpg 1152w, https:\/\/splelkowo.pl\/wordpress\/wp-content\/uploads\/2025\/11\/15.jpg 1536w\" sizes=\"(max-width: 225px) 100vw, 225px\" \/><\/a>\n\t\t\t<\/div><\/figure><figure class='gallery-item'>\n\t\t\t<div class='gallery-icon portrait'>\n\t\t\t\t<a href='https:\/\/splelkowo.pl\/wordpress\/swieto-niepodleglosci\/18-2\/'><img loading=\"lazy\" decoding=\"async\" width=\"225\" height=\"300\" src=\"https:\/\/splelkowo.pl\/wordpress\/wp-content\/uploads\/2025\/11\/18-225x300.jpg\" class=\"attachment-medium size-medium\" alt=\"\" srcset=\"https:\/\/splelkowo.pl\/wordpress\/wp-content\/uploads\/2025\/11\/18-225x300.jpg 225w, https:\/\/splelkowo.pl\/wordpress\/wp-content\/uploads\/2025\/11\/18-768x1024.jpg 768w, https:\/\/splelkowo.pl\/wordpress\/wp-content\/uploads\/2025\/11\/18-1152x1536.jpg 1152w, https:\/\/splelkowo.pl\/wordpress\/wp-content\/uploads\/2025\/11\/18.jpg 1536w\" sizes=\"(max-width: 225px) 100vw, 225px\" \/><\/a>\n\t\t\t<\/div><\/figure><figure class='gallery-item'>\n\t\t\t<div class='gallery-icon landscape'>\n\t\t\t\t<a href='https:\/\/splelkowo.pl\/wordpress\/swieto-niepodleglosci\/attachment\/28\/'><img loading=\"lazy\" decoding=\"async\" width=\"300\" height=\"200\" src=\"https:\/\/splelkowo.pl\/wordpress\/wp-content\/uploads\/2025\/11\/28-300x200.jpg\" class=\"attachment-medium size-medium\" alt=\"\" srcset=\"https:\/\/splelkowo.pl\/wordpress\/wp-content\/uploads\/2025\/11\/28-300x200.jpg 300w, https:\/\/splelkowo.pl\/wordpress\/wp-content\/uploads\/2025\/11\/28-1024x683.jpg 1024w, https:\/\/splelkowo.pl\/wordpress\/wp-content\/uploads\/2025\/11\/28-768x512.jpg 768w, https:\/\/splelkowo.pl\/wordpress\/wp-content\/uploads\/2025\/11\/28-1536x1024.jpg 1536w, https:\/\/splelkowo.pl\/wordpress\/wp-content\/uploads\/2025\/11\/28.jpg 2048w\" sizes=\"(max-width: 300px) 100vw, 300px\" \/><\/a>\n\t\t\t<\/div><\/figure><figure class='gallery-item'>\n\t\t\t<div class='gallery-icon landscape'>\n\t\t\t\t<a href='https:\/\/splelkowo.pl\/wordpress\/swieto-niepodleglosci\/attachment\/29\/'><img loading=\"lazy\" decoding=\"async\" width=\"300\" height=\"200\" src=\"https:\/\/splelkowo.pl\/wordpress\/wp-content\/uploads\/2025\/11\/29-300x200.jpg\" class=\"attachment-medium size-medium\" alt=\"\" srcset=\"https:\/\/splelkowo.pl\/wordpress\/wp-content\/uploads\/2025\/11\/29-300x200.jpg 300w, https:\/\/splelkowo.pl\/wordpress\/wp-content\/uploads\/2025\/11\/29-1024x683.jpg 1024w, https:\/\/splelkowo.pl\/wordpress\/wp-content\/uploads\/2025\/11\/29-768x512.jpg 768w, https:\/\/splelkowo.pl\/wordpress\/wp-content\/uploads\/2025\/11\/29-1536x1024.jpg 1536w, https:\/\/splelkowo.pl\/wordpress\/wp-content\/uploads\/2025\/11\/29.jpg 2048w\" sizes=\"(max-width: 300px) 100vw, 300px\" \/><\/a>\n\t\t\t<\/div><\/figure><figure class='gallery-item'>\n\t\t\t<div class='gallery-icon landscape'>\n\t\t\t\t<a href='https:\/\/splelkowo.pl\/wordpress\/swieto-niepodleglosci\/attachment\/26\/'><img loading=\"lazy\" decoding=\"async\" width=\"300\" height=\"200\" src=\"https:\/\/splelkowo.pl\/wordpress\/wp-content\/uploads\/2025\/11\/26-300x200.jpg\" class=\"attachment-medium size-medium\" alt=\"\" srcset=\"https:\/\/splelkowo.pl\/wordpress\/wp-content\/uploads\/2025\/11\/26-300x200.jpg 300w, https:\/\/splelkowo.pl\/wordpress\/wp-content\/uploads\/2025\/11\/26-1024x683.jpg 1024w, https:\/\/splelkowo.pl\/wordpress\/wp-content\/uploads\/2025\/11\/26-768x512.jpg 768w, https:\/\/splelkowo.pl\/wordpress\/wp-content\/uploads\/2025\/11\/26-1536x1024.jpg 1536w, https:\/\/splelkowo.pl\/wordpress\/wp-content\/uploads\/2025\/11\/26.jpg 2048w\" sizes=\"(max-width: 300px) 100vw, 300px\" \/><\/a>\n\t\t\t<\/div><\/figure><figure class='gallery-item'>\n\t\t\t<div class='gallery-icon landscape'>\n\t\t\t\t<a href='https:\/\/splelkowo.pl\/wordpress\/swieto-niepodleglosci\/attachment\/30\/'><img loading=\"lazy\" decoding=\"async\" width=\"300\" height=\"200\" src=\"https:\/\/splelkowo.pl\/wordpress\/wp-content\/uploads\/2025\/11\/30-300x200.jpg\" class=\"attachment-medium size-medium\" alt=\"\" srcset=\"https:\/\/splelkowo.pl\/wordpress\/wp-content\/uploads\/2025\/11\/30-300x200.jpg 300w, https:\/\/splelkowo.pl\/wordpress\/wp-content\/uploads\/2025\/11\/30-1024x683.jpg 1024w, https:\/\/splelkowo.pl\/wordpress\/wp-content\/uploads\/2025\/11\/30-768x512.jpg 768w, https:\/\/splelkowo.pl\/wordpress\/wp-content\/uploads\/2025\/11\/30-1536x1024.jpg 1536w, https:\/\/splelkowo.pl\/wordpress\/wp-content\/uploads\/2025\/11\/30.jpg 2048w\" sizes=\"(max-width: 300px) 100vw, 300px\" \/><\/a>\n\t\t\t<\/div><\/figure><figure class='gallery-item'>\n\t\t\t<div class='gallery-icon landscape'>\n\t\t\t\t<a href='https:\/\/splelkowo.pl\/wordpress\/swieto-niepodleglosci\/attachment\/32\/'><img loading=\"lazy\" decoding=\"async\" width=\"300\" height=\"200\" src=\"https:\/\/splelkowo.pl\/wordpress\/wp-content\/uploads\/2025\/11\/32-300x200.jpg\" class=\"attachment-medium size-medium\" alt=\"\" srcset=\"https:\/\/splelkowo.pl\/wordpress\/wp-content\/uploads\/2025\/11\/32-300x200.jpg 300w, https:\/\/splelkowo.pl\/wordpress\/wp-content\/uploads\/2025\/11\/32-1024x683.jpg 1024w, https:\/\/splelkowo.pl\/wordpress\/wp-content\/uploads\/2025\/11\/32-768x512.jpg 768w, https:\/\/splelkowo.pl\/wordpress\/wp-content\/uploads\/2025\/11\/32-1536x1024.jpg 1536w, https:\/\/splelkowo.pl\/wordpress\/wp-content\/uploads\/2025\/11\/32.jpg 2048w\" sizes=\"(max-width: 300px) 100vw, 300px\" \/><\/a>\n\t\t\t<\/div><\/figure><figure class='gallery-item'>\n\t\t\t<div class='gallery-icon landscape'>\n\t\t\t\t<a href='https:\/\/splelkowo.pl\/wordpress\/swieto-niepodleglosci\/attachment\/24\/'><img loading=\"lazy\" decoding=\"async\" width=\"300\" height=\"200\" src=\"https:\/\/splelkowo.pl\/wordpress\/wp-content\/uploads\/2025\/11\/24-300x200.jpg\" class=\"attachment-medium size-medium\" alt=\"\" srcset=\"https:\/\/splelkowo.pl\/wordpress\/wp-content\/uploads\/2025\/11\/24-300x200.jpg 300w, https:\/\/splelkowo.pl\/wordpress\/wp-content\/uploads\/2025\/11\/24-1024x683.jpg 1024w, https:\/\/splelkowo.pl\/wordpress\/wp-content\/uploads\/2025\/11\/24-768x512.jpg 768w, https:\/\/splelkowo.pl\/wordpress\/wp-content\/uploads\/2025\/11\/24-1536x1024.jpg 1536w, https:\/\/splelkowo.pl\/wordpress\/wp-content\/uploads\/2025\/11\/24.jpg 2048w\" sizes=\"(max-width: 300px) 100vw, 300px\" \/><\/a>\n\t\t\t<\/div><\/figure><figure class='gallery-item'>\n\t\t\t<div class='gallery-icon portrait'>\n\t\t\t\t<a href='https:\/\/splelkowo.pl\/wordpress\/swieto-niepodleglosci\/19-2\/'><img loading=\"lazy\" decoding=\"async\" width=\"225\" height=\"300\" src=\"https:\/\/splelkowo.pl\/wordpress\/wp-content\/uploads\/2025\/11\/19-225x300.jpg\" class=\"attachment-medium size-medium\" alt=\"\" srcset=\"https:\/\/splelkowo.pl\/wordpress\/wp-content\/uploads\/2025\/11\/19-225x300.jpg 225w, https:\/\/splelkowo.pl\/wordpress\/wp-content\/uploads\/2025\/11\/19-768x1024.jpg 768w, https:\/\/splelkowo.pl\/wordpress\/wp-content\/uploads\/2025\/11\/19-1152x1536.jpg 1152w, https:\/\/splelkowo.pl\/wordpress\/wp-content\/uploads\/2025\/11\/19.jpg 1536w\" sizes=\"(max-width: 225px) 100vw, 225px\" \/><\/a>\n\t\t\t<\/div><\/figure><figure class='gallery-item'>\n\t\t\t<div class='gallery-icon portrait'>\n\t\t\t\t<a href='https:\/\/splelkowo.pl\/wordpress\/swieto-niepodleglosci\/attachment\/20\/'><img loading=\"lazy\" decoding=\"async\" width=\"225\" height=\"300\" src=\"https:\/\/splelkowo.pl\/wordpress\/wp-content\/uploads\/2025\/11\/20-225x300.jpg\" class=\"attachment-medium size-medium\" alt=\"\" srcset=\"https:\/\/splelkowo.pl\/wordpress\/wp-content\/uploads\/2025\/11\/20-225x300.jpg 225w, https:\/\/splelkowo.pl\/wordpress\/wp-content\/uploads\/2025\/11\/20-768x1024.jpg 768w, https:\/\/splelkowo.pl\/wordpress\/wp-content\/uploads\/2025\/11\/20-1152x1536.jpg 1152w, https:\/\/splelkowo.pl\/wordpress\/wp-content\/uploads\/2025\/11\/20.jpg 1536w\" sizes=\"(max-width: 225px) 100vw, 225px\" \/><\/a>\n\t\t\t<\/div><\/figure><figure class='gallery-item'>\n\t\t\t<div class='gallery-icon portrait'>\n\t\t\t\t<a href='https:\/\/splelkowo.pl\/wordpress\/swieto-niepodleglosci\/23-2\/'><img loading=\"lazy\" decoding=\"async\" width=\"225\" height=\"300\" src=\"https:\/\/splelkowo.pl\/wordpress\/wp-content\/uploads\/2025\/11\/23-225x300.jpg\" class=\"attachment-medium size-medium\" alt=\"\" srcset=\"https:\/\/splelkowo.pl\/wordpress\/wp-content\/uploads\/2025\/11\/23-225x300.jpg 225w, https:\/\/splelkowo.pl\/wordpress\/wp-content\/uploads\/2025\/11\/23-768x1024.jpg 768w, https:\/\/splelkowo.pl\/wordpress\/wp-content\/uploads\/2025\/11\/23-1152x1536.jpg 1152w, https:\/\/splelkowo.pl\/wordpress\/wp-content\/uploads\/2025\/11\/23.jpg 1536w\" sizes=\"(max-width: 225px) 100vw, 225px\" \/><\/a>\n\t\t\t<\/div><\/figure><figure class='gallery-item'>\n\t\t\t<div class='gallery-icon portrait'>\n\t\t\t\t<a href='https:\/\/splelkowo.pl\/wordpress\/swieto-niepodleglosci\/21-2\/'><img loading=\"lazy\" decoding=\"async\" width=\"225\" height=\"300\" src=\"https:\/\/splelkowo.pl\/wordpress\/wp-content\/uploads\/2025\/11\/21-225x300.jpg\" class=\"attachment-medium size-medium\" alt=\"\" srcset=\"https:\/\/splelkowo.pl\/wordpress\/wp-content\/uploads\/2025\/11\/21-225x300.jpg 225w, https:\/\/splelkowo.pl\/wordpress\/wp-content\/uploads\/2025\/11\/21-768x1024.jpg 768w, https:\/\/splelkowo.pl\/wordpress\/wp-content\/uploads\/2025\/11\/21-1152x1536.jpg 1152w, https:\/\/splelkowo.pl\/wordpress\/wp-content\/uploads\/2025\/11\/21.jpg 1536w\" sizes=\"(max-width: 225px) 100vw, 225px\" \/><\/a>\n\t\t\t<\/div><\/figure><figure class='gallery-item'>\n\t\t\t<div class='gallery-icon portrait'>\n\t\t\t\t<a href='https:\/\/splelkowo.pl\/wordpress\/swieto-niepodleglosci\/attachment\/22\/'><img loading=\"lazy\" decoding=\"async\" width=\"225\" height=\"300\" src=\"https:\/\/splelkowo.pl\/wordpress\/wp-content\/uploads\/2025\/11\/22-225x300.jpg\" class=\"attachment-medium size-medium\" alt=\"\" srcset=\"https:\/\/splelkowo.pl\/wordpress\/wp-content\/uploads\/2025\/11\/22-225x300.jpg 225w, https:\/\/splelkowo.pl\/wordpress\/wp-content\/uploads\/2025\/11\/22-768x1024.jpg 768w, https:\/\/splelkowo.pl\/wordpress\/wp-content\/uploads\/2025\/11\/22-1152x1536.jpg 1152w, https:\/\/splelkowo.pl\/wordpress\/wp-content\/uploads\/2025\/11\/22.jpg 1536w\" sizes=\"(max-width: 225px) 100vw, 225px\" \/><\/a>\n\t\t\t<\/div><\/figure>\n\t\t<\/div>\n\n","protected":false},"excerpt":{"rendered":"<p>Narodowe \u015awi\u0119to Niepodleg\u0142o\u015bci to wa\u017cne i pi\u0119kne \u015bwi\u0119to \u2013 \u015bwi\u0119to ka\u017cdego Polaka. Dzie\u0144 11 listopada przypomina nam, \u017ce wolno\u015b\u0107 raz zdobyta i niepodleg\u0142o\u015b\u0107 raz osi\u0105gni\u0119ta nie s\u0105 dane na zawsze, lecz nale\u017cy wci\u0105\u017c dba\u0107 o te warto\u015bci i stale je piel\u0119gnowa\u0107. Tradycyjnie uczcili\u015bmy rocznic\u0119 odzyskania przez Polsk\u0119 niepodleg\u0142o\u015bci wsp\u00f3lnym \u015bwi\u0119towaniem, kt\u00f3re zgromadzi\u0142o zaproszonych go\u015bci, przedstawicieli w\u0142adz samorz\u0105dowych, poczty sztandarowe, mieszka\u0144c\u00f3w, uczni\u00f3w i nauczycieli. Uroczysto\u015bci rozpocz\u0119\u0142y si\u0119 Msz\u0105 \u015awi\u0119t\u0105 w intencji Ojczyzny celebrowan\u0105 przez ks. Stanis\u0142awa Szyma\u0144skiego, ks. Paw\u0142a Roszy\u0144skiego oraz ks. Krzysztofa Jedwabnika. Po nabo\u017ce\u0144stwie uczestnicy przemaszerowali do Szko\u0142a Podstawowa im. Or\u0142a Bia\u0142ego w Lelkowie, gdzie wszystkich zebranych przywita\u0142a Pani Bo\u017cena Turczyn- Dyrektor Szko\u0142y. Jednym z punkt\u00f3w uroczysto\u015bci by\u0142 wyst\u0119p naszego absolwenta Pana Piotra Krupy, kt\u00f3ry wykona\u0142 na akordeonie pie\u015bni patriotyczne. Rozstrzygni\u0119to r\u00f3wnie\u017c konkurs plastyczny \u201ePolska- moja Ojczyzna\u201d, a zwyci\u0119zc\u0105 wr\u0119czono nagrody, ufundowane przez Pana \u0141ukasza Skrzeszewskiego- W\u00f3jta Gminy Lelkowo. Laureaci konkursu: miejsce I &#8211; Dominik Smor\u0105giewicz miejsce II &#8211; \u00a0Antoni Kruszy\u0144ski, Ksenia Koziej miejsce III &#8211; \u00a0Lena Hamada, Zosia Klisz &nbsp; Na zako\u0144czenie uczniowie klas IV i V pod kierunkiem Pani Anny Urawskiej i Lucyny Kanieckiej-Bia\u0142kowskiej zaprezentowali program artystyczny &#8211; pe\u0142en pie\u015bni patriotycznych, wierszy i symboli narodowych &#8211; kt\u00f3ry w pi\u0119kny spos\u00f3b upami\u0119tni\u0142 bohater\u00f3w walk o niepodleg\u0142o\u015b\u0107. &nbsp;<\/p>\n","protected":false},"author":2,"featured_media":1713,"comment_status":"closed","ping_status":"closed","sticky":false,"template":"","format":"standard","meta":{"site-sidebar-layout":"default","site-content-layout":"","ast-site-content-layout":"default","site-content-style":"default","site-sidebar-style":"default","ast-global-header-display":"","ast-banner-title-visibility":"","ast-main-header-display":"","ast-hfb-above-header-display":"","ast-hfb-below-header-display":"","ast-hfb-mobile-header-display":"","site-post-title":"","ast-breadcrumbs-content":"","ast-featured-img":"","footer-sml-layout":"","ast-disable-related-posts":"","theme-transparent-header-meta":"default","adv-header-id-meta":"","stick-header-meta":"","header-above-stick-meta":"","header-main-stick-meta":"","header-below-stick-meta":"","astra-migrate-meta-layouts":"set","ast-page-background-enabled":"default","ast-page-background-meta":{"desktop":{"background-color":"var(--ast-global-color-4)","background-image":"","background-repeat":"repeat","background-position":"center center","background-size":"auto","background-attachment":"scroll","background-type":"","background-media":"","overlay-type":"","overlay-color":"","overlay-opacity":"","overlay-gradient":""},"tablet":{"background-color":"","background-image":"","background-repeat":"repeat","background-position":"center center","background-size":"auto","background-attachment":"scroll","background-type":"","background-media":"","overlay-type":"","overlay-color":"","overlay-opacity":"","overlay-gradient":""},"mobile":{"background-color":"","background-image":"","background-repeat":"repeat","background-position":"center center","background-size":"auto","background-attachment":"scroll","background-type":"","background-media":"","overlay-type":"","overlay-color":"","overlay-opacity":"","overlay-gradient":""}},"ast-content-background-meta":{"desktop":{"background-color":"var(--ast-global-color-5)","background-image":"","background-repeat":"repeat","background-position":"center center","background-size":"auto","background-attachment":"scroll","background-type":"","background-media":"","overlay-type":"","overlay-color":"","overlay-opacity":"","overlay-gradient":""},"tablet":{"background-color":"var(--ast-global-color-5)","background-image":"","background-repeat":"repeat","background-position":"center center","background-size":"auto","background-attachment":"scroll","background-type":"","background-media":"","overlay-type":"","overlay-color":"","overlay-opacity":"","overlay-gradient":""},"mobile":{"background-color":"var(--ast-global-color-5)","background-image":"","background-repeat":"repeat","background-position":"center center","background-size":"auto","background-attachment":"scroll","background-type":"","background-media":"","overlay-type":"","overlay-color":"","overlay-opacity":"","overlay-gradient":""}},"footnotes":""},"categories":[4],"tags":[],"class_list":["post-1685","post","type-post","status-publish","format-standard","has-post-thumbnail","hentry","category-aktualnosci"],"_links":{"self":[{"href":"https:\/\/splelkowo.pl\/wordpress\/wp-json\/wp\/v2\/posts\/1685","targetHints":{"allow":["GET"]}}],"collection":[{"href":"https:\/\/splelkowo.pl\/wordpress\/wp-json\/wp\/v2\/posts"}],"about":[{"href":"https:\/\/splelkowo.pl\/wordpress\/wp-json\/wp\/v2\/types\/post"}],"author":[{"embeddable":true,"href":"https:\/\/splelkowo.pl\/wordpress\/wp-json\/wp\/v2\/users\/2"}],"replies":[{"embeddable":true,"href":"https:\/\/splelkowo.pl\/wordpress\/wp-json\/wp\/v2\/comments?post=1685"}],"version-history":[{"count":1,"href":"https:\/\/splelkowo.pl\/wordpress\/wp-json\/wp\/v2\/posts\/1685\/revisions"}],"predecessor-version":[{"id":1714,"href":"https:\/\/splelkowo.pl\/wordpress\/wp-json\/wp\/v2\/posts\/1685\/revisions\/1714"}],"wp:featuredmedia":[{"embeddable":true,"href":"https:\/\/splelkowo.pl\/wordpress\/wp-json\/wp\/v2\/media\/1713"}],"wp:attachment":[{"href":"https:\/\/splelkowo.pl\/wordpress\/wp-json\/wp\/v2\/media?parent=1685"}],"wp:term":[{"taxonomy":"category","embeddable":true,"href":"https:\/\/splelkowo.pl\/wordpress\/wp-json\/wp\/v2\/categories?post=1685"},{"taxonomy":"post_tag","embeddable":true,"href":"https:\/\/splelkowo.pl\/wordpress\/wp-json\/wp\/v2\/tags?post=1685"}],"curies":[{"name":"wp","href":"https:\/\/api.w.org\/{rel}","templated":true}]}}