{"id":1884,"date":"2025-12-02T19:45:47","date_gmt":"2025-12-02T18:45:47","guid":{"rendered":"https:\/\/splelkowo.pl\/wordpress\/?p=1884"},"modified":"2025-12-19T19:33:47","modified_gmt":"2025-12-19T18:33:47","slug":"wyjscie-z-klasa","status":"publish","type":"post","link":"https:\/\/splelkowo.pl\/wordpress\/wyjscie-z-klasa\/","title":{"rendered":"&#8222;Wyj\u015bcie z klas\u0105&#8221;"},"content":{"rendered":"<p><img fetchpriority=\"high\" decoding=\"async\" class=\" wp-image-1885 alignleft\" src=\"https:\/\/splelkowo.pl\/wordpress\/wp-content\/uploads\/2025\/12\/logo-MEN1-300x113.jpg\" alt=\"\" width=\"488\" height=\"184\" srcset=\"https:\/\/splelkowo.pl\/wordpress\/wp-content\/uploads\/2025\/12\/logo-MEN1-300x113.jpg 300w, https:\/\/splelkowo.pl\/wordpress\/wp-content\/uploads\/2025\/12\/logo-MEN1-1024x386.jpg 1024w, https:\/\/splelkowo.pl\/wordpress\/wp-content\/uploads\/2025\/12\/logo-MEN1-768x290.jpg 768w, https:\/\/splelkowo.pl\/wordpress\/wp-content\/uploads\/2025\/12\/logo-MEN1-1536x579.jpg 1536w, https:\/\/splelkowo.pl\/wordpress\/wp-content\/uploads\/2025\/12\/logo-MEN1-2048x773.jpg 2048w\" sizes=\"(max-width: 488px) 100vw, 488px\" \/><img decoding=\"async\" class=\" wp-image-1886 alignright\" src=\"https:\/\/splelkowo.pl\/wordpress\/wp-content\/uploads\/2025\/12\/logo-Wyjscie-z-klasa-300x89.jpg\" alt=\"\" width=\"455\" height=\"135\" srcset=\"https:\/\/splelkowo.pl\/wordpress\/wp-content\/uploads\/2025\/12\/logo-Wyjscie-z-klasa-300x89.jpg 300w, https:\/\/splelkowo.pl\/wordpress\/wp-content\/uploads\/2025\/12\/logo-Wyjscie-z-klasa-768x228.jpg 768w, https:\/\/splelkowo.pl\/wordpress\/wp-content\/uploads\/2025\/12\/logo-Wyjscie-z-klasa.jpg 1024w\" sizes=\"(max-width: 455px) 100vw, 455px\" \/><\/p>\n<p>&nbsp;<\/p>\n<p>&nbsp;<\/p>\n<p>&nbsp;<\/p>\n<p>&nbsp;<\/p>\n<p>&nbsp;<\/p>\n<p>W ramach przedsi\u0119wzi\u0119cia Ministra Edukacji pod nazw\u0105 \u201eWyj\u015bcie z klas\u0105\u201d Powiat Braniewski otrzyma\u0142 dotacj\u0119 celow\u0105 w wysoko\u015bci <strong>82\u00a0790,30 z\u0142 <\/strong>na organizacj\u0119 jednodniowych wyj\u015b\u0107 uczni\u00f3w do instytucji kultury i ich oddzia\u0142\u00f3w lub do instytucji naukowych, centr\u00f3w edukacji po\u0142\u0105czonych z warsztatami edukacyjno-kulturalnymi.<\/p>\n<p>W ramach udzielonej dotacji uczniowie szk\u00f3\u0142 podstawowych i ponadpodstawowych z terenu Powiatu Braniewskiego b\u0119d\u0105 uczestniczy\u0107 w spektaklach teatralnych, b\u0119d\u0105 zwiedza\u0107 sta\u0142e wystawy w muzeach oraz w centrach edukacji po\u0142\u0105czone z warsztatami edukacyjno-kulturalnymi.<\/p>\n<p>Celem przedsi\u0119wzi\u0119cia jest uatrakcyjnienie procesu edukacyjnego dzieci i m\u0142odzie\u017cy poprzez umo\u017cliwienie im aktywnego uczestnictwa w kulturze, poznawanie miejsc pami\u0119ci i dziedzictwa narodowego oraz osi\u0105gni\u0119\u0107 nauki, a tak\u017ce rozwijanie kompetencji spo\u0142ecznych, kulturowych i tw\u00f3rczych. Przedsi\u0119wzi\u0119cie wspiera realizacj\u0119 podstawy programowej kszta\u0142cenia og\u00f3lnego oraz poszerza ofert\u0119 edukacyjn\u0105 plac\u00f3wek o\u015bwiatowych, umo\u017cliwiaj\u0105c uczniom zdobywanie wiedzy w spos\u00f3b atrakcyjny i praktyczny. Dodatkowo celem przedsi\u0119wzi\u0119cia jest rozwijanie ciekawo\u015bci \u015bwiata i wra\u017cliwo\u015bci kulturowej oraz zapewnienie szerszego dost\u0119pu do kultury, niezale\u017cnie od miejsca zamieszkania uczestnik\u00f3w.<\/p>\n<p>Szko\u0142y, kt\u00f3re skorzystaj\u0105 z w\/w programu w 2025 roku:<\/p>\n<ul>\n<li>Szko\u0142a Podstawowa Nr 5 im. Ziemi Braniewskiej w Braniewie;<\/li>\n<li>Szko\u0142a Podstawowa Sportowa Nr 6 im. Jana Paw\u0142a II z Oddzia\u0142ami Przedszkolnymi w Braniewie;<\/li>\n<li>Szko\u0142a Podstawowa im. Or\u0142a Bia\u0142ego w Lelkowie;<\/li>\n<li>Szko\u0142a Podstawowa w P\u0142oskini;<\/li>\n<li>Szko\u0142a Podstawowa im. Kr\u00f3la Boles\u0142awa Chrobrego w Chru\u015bcielu;<\/li>\n<li>Szko\u0142a Podstawowa im. Miko\u0142aja Kopernika w S\u0142obitach;<\/li>\n<li>Szko\u0142\u0105 Podstawowa w Wilcz\u0119tach;<\/li>\n<li>Szko\u0142a Podstawowa Specjalna w Specjalnym O\u015brodku Szkolno-Wychowawczym w Braniewie;<\/li>\n<li>Bran\u017cowa Szko\u0142a I Stopnia Specjalna w Specjalnym O\u015brodku Szkolno-Wychowawczym w Braniewie;<\/li>\n<li>Liceum Og\u00f3lnokszta\u0142c\u0105ce im. 9 Braniewskiej Brygady Kawalerii Pancernej im. Kr\u00f3la Stefana Batorego w Zespole Szk\u00f3\u0142 Budowlanych w Braniewie.<\/li>\n<\/ul>\n<p>\u0141\u0105cznie z przedsi\u0119wzi\u0119cia skorzysta 605 uczni\u00f3w i 58 opiekun\u00f3w.<\/p>\n<h4><strong>Jednodniowe przedsi\u0119wzi\u0119cia w ramach &#8222;Wyj\u015bcie z klas\u0105&#8221;:<\/strong><\/h4>\n<p>1. Teatr Lalek w Olsztynie<br \/>\n<a href=\"https:\/\/splelkowo.pl\/wordpress\/teatr-lalek-w-olsztynie-w-ramach-przedsiewziecia-wyjscie-z-klasa\/\">https:\/\/splelkowo.pl\/wordpress\/teatr-lalek-w-olsztynie-w-ramach-przedsiewziecia-wyjscie-z-klasa\/<\/a><\/p>\n<p>2. Zamek w Malborku<br \/>\n<a href=\"https:\/\/splelkowo.pl\/wordpress\/zamek-w-malborku-w-ramach-przedsiewziecia-wyjscie-z-klasa\/\">https:\/\/splelkowo.pl\/wordpress\/zamek-w-malborku-w-ramach-przedsiewziecia-wyjscie-z-klasa\/<\/a><\/p>\n<p>&nbsp;<\/p>\n<p><img decoding=\"async\" class=\"aligncenter wp-image-1887 size-large\" src=\"https:\/\/splelkowo.pl\/wordpress\/wp-content\/uploads\/2025\/12\/plakat-informacyjny-724x1024.jpg\" alt=\"\" width=\"724\" height=\"1024\" srcset=\"https:\/\/splelkowo.pl\/wordpress\/wp-content\/uploads\/2025\/12\/plakat-informacyjny-724x1024.jpg 724w, https:\/\/splelkowo.pl\/wordpress\/wp-content\/uploads\/2025\/12\/plakat-informacyjny-212x300.jpg 212w, https:\/\/splelkowo.pl\/wordpress\/wp-content\/uploads\/2025\/12\/plakat-informacyjny-768x1086.jpg 768w, https:\/\/splelkowo.pl\/wordpress\/wp-content\/uploads\/2025\/12\/plakat-informacyjny-1086x1536.jpg 1086w, https:\/\/splelkowo.pl\/wordpress\/wp-content\/uploads\/2025\/12\/plakat-informacyjny-1448x2048.jpg 1448w, https:\/\/splelkowo.pl\/wordpress\/wp-content\/uploads\/2025\/12\/plakat-informacyjny-scaled.jpg 1810w\" sizes=\"(max-width: 724px) 100vw, 724px\" \/><\/p>\n<p>&nbsp;<\/p>\n<p>&nbsp;<\/p>\n","protected":false},"excerpt":{"rendered":"<p>&nbsp; &nbsp; &nbsp; &nbsp; &nbsp; W ramach przedsi\u0119wzi\u0119cia Ministra Edukacji pod nazw\u0105 \u201eWyj\u015bcie z klas\u0105\u201d Powiat Braniewski otrzyma\u0142 dotacj\u0119 celow\u0105 w wysoko\u015bci 82\u00a0790,30 z\u0142 na organizacj\u0119 jednodniowych wyj\u015b\u0107 uczni\u00f3w do instytucji kultury i ich oddzia\u0142\u00f3w lub do instytucji naukowych, centr\u00f3w edukacji po\u0142\u0105czonych z warsztatami edukacyjno-kulturalnymi. W ramach udzielonej dotacji uczniowie szk\u00f3\u0142 podstawowych i ponadpodstawowych z terenu Powiatu Braniewskiego b\u0119d\u0105 uczestniczy\u0107 w spektaklach teatralnych, b\u0119d\u0105 zwiedza\u0107 sta\u0142e wystawy w muzeach oraz w centrach edukacji po\u0142\u0105czone z warsztatami edukacyjno-kulturalnymi. Celem przedsi\u0119wzi\u0119cia jest uatrakcyjnienie procesu edukacyjnego dzieci i m\u0142odzie\u017cy poprzez umo\u017cliwienie im aktywnego uczestnictwa w kulturze, poznawanie miejsc pami\u0119ci i dziedzictwa narodowego oraz osi\u0105gni\u0119\u0107 nauki, a tak\u017ce rozwijanie kompetencji spo\u0142ecznych, kulturowych i tw\u00f3rczych. Przedsi\u0119wzi\u0119cie wspiera realizacj\u0119 podstawy programowej kszta\u0142cenia og\u00f3lnego oraz poszerza ofert\u0119 edukacyjn\u0105 plac\u00f3wek o\u015bwiatowych, umo\u017cliwiaj\u0105c uczniom zdobywanie wiedzy w spos\u00f3b atrakcyjny i praktyczny. Dodatkowo celem przedsi\u0119wzi\u0119cia jest rozwijanie ciekawo\u015bci \u015bwiata i wra\u017cliwo\u015bci kulturowej oraz zapewnienie szerszego dost\u0119pu do kultury, niezale\u017cnie od miejsca zamieszkania uczestnik\u00f3w. Szko\u0142y, kt\u00f3re skorzystaj\u0105 z w\/w programu w 2025 roku: Szko\u0142a Podstawowa Nr 5 im. Ziemi Braniewskiej w Braniewie; Szko\u0142a Podstawowa Sportowa Nr 6 im. Jana Paw\u0142a II z Oddzia\u0142ami Przedszkolnymi w Braniewie; Szko\u0142a Podstawowa im. Or\u0142a Bia\u0142ego w Lelkowie; Szko\u0142a Podstawowa w P\u0142oskini; Szko\u0142a Podstawowa im. Kr\u00f3la Boles\u0142awa Chrobrego w Chru\u015bcielu; Szko\u0142a Podstawowa im. Miko\u0142aja Kopernika w S\u0142obitach; Szko\u0142\u0105 Podstawowa w Wilcz\u0119tach; Szko\u0142a Podstawowa Specjalna w Specjalnym O\u015brodku Szkolno-Wychowawczym w Braniewie; Bran\u017cowa Szko\u0142a I Stopnia Specjalna w Specjalnym O\u015brodku Szkolno-Wychowawczym w Braniewie; Liceum Og\u00f3lnokszta\u0142c\u0105ce im. 9 Braniewskiej Brygady Kawalerii Pancernej im. Kr\u00f3la Stefana Batorego w Zespole Szk\u00f3\u0142 Budowlanych w Braniewie. \u0141\u0105cznie z przedsi\u0119wzi\u0119cia skorzysta 605 uczni\u00f3w i 58 opiekun\u00f3w. Jednodniowe przedsi\u0119wzi\u0119cia w ramach &#8222;Wyj\u015bcie z klas\u0105&#8221;: 1. Teatr Lalek w Olsztynie https:\/\/splelkowo.pl\/wordpress\/teatr-lalek-w-olsztynie-w-ramach-przedsiewziecia-wyjscie-z-klasa\/ 2. Zamek w Malborku https:\/\/splelkowo.pl\/wordpress\/zamek-w-malborku-w-ramach-przedsiewziecia-wyjscie-z-klasa\/ &nbsp; &nbsp; &nbsp;<\/p>\n","protected":false},"author":2,"featured_media":1886,"comment_status":"closed","ping_status":"closed","sticky":false,"template":"","format":"standard","meta":{"site-sidebar-layout":"default","site-content-layout":"","ast-site-content-layout":"default","site-content-style":"default","site-sidebar-style":"default","ast-global-header-display":"","ast-banner-title-visibility":"","ast-main-header-display":"","ast-hfb-above-header-display":"","ast-hfb-below-header-display":"","ast-hfb-mobile-header-display":"","site-post-title":"","ast-breadcrumbs-content":"","ast-featured-img":"","footer-sml-layout":"","ast-disable-related-posts":"","theme-transparent-header-meta":"default","adv-header-id-meta":"","stick-header-meta":"","header-above-stick-meta":"","header-main-stick-meta":"","header-below-stick-meta":"","astra-migrate-meta-layouts":"set","ast-page-background-enabled":"default","ast-page-background-meta":{"desktop":{"background-color":"var(--ast-global-color-4)","background-image":"","background-repeat":"repeat","background-position":"center center","background-size":"auto","background-attachment":"scroll","background-type":"","background-media":"","overlay-type":"","overlay-color":"","overlay-opacity":"","overlay-gradient":""},"tablet":{"background-color":"","background-image":"","background-repeat":"repeat","background-position":"center center","background-size":"auto","background-attachment":"scroll","background-type":"","background-media":"","overlay-type":"","overlay-color":"","overlay-opacity":"","overlay-gradient":""},"mobile":{"background-color":"","background-image":"","background-repeat":"repeat","background-position":"center center","background-size":"auto","background-attachment":"scroll","background-type":"","background-media":"","overlay-type":"","overlay-color":"","overlay-opacity":"","overlay-gradient":""}},"ast-content-background-meta":{"desktop":{"background-color":"var(--ast-global-color-5)","background-image":"","background-repeat":"repeat","background-position":"center center","background-size":"auto","background-attachment":"scroll","background-type":"","background-media":"","overlay-type":"","overlay-color":"","overlay-opacity":"","overlay-gradient":""},"tablet":{"background-color":"var(--ast-global-color-5)","background-image":"","background-repeat":"repeat","background-position":"center center","background-size":"auto","background-attachment":"scroll","background-type":"","background-media":"","overlay-type":"","overlay-color":"","overlay-opacity":"","overlay-gradient":""},"mobile":{"background-color":"var(--ast-global-color-5)","background-image":"","background-repeat":"repeat","background-position":"center center","background-size":"auto","background-attachment":"scroll","background-type":"","background-media":"","overlay-type":"","overlay-color":"","overlay-opacity":"","overlay-gradient":""}},"footnotes":""},"categories":[4],"tags":[],"class_list":["post-1884","post","type-post","status-publish","format-standard","has-post-thumbnail","hentry","category-aktualnosci"],"_links":{"self":[{"href":"https:\/\/splelkowo.pl\/wordpress\/wp-json\/wp\/v2\/posts\/1884","targetHints":{"allow":["GET"]}}],"collection":[{"href":"https:\/\/splelkowo.pl\/wordpress\/wp-json\/wp\/v2\/posts"}],"about":[{"href":"https:\/\/splelkowo.pl\/wordpress\/wp-json\/wp\/v2\/types\/post"}],"author":[{"embeddable":true,"href":"https:\/\/splelkowo.pl\/wordpress\/wp-json\/wp\/v2\/users\/2"}],"replies":[{"embeddable":true,"href":"https:\/\/splelkowo.pl\/wordpress\/wp-json\/wp\/v2\/comments?post=1884"}],"version-history":[{"count":3,"href":"https:\/\/splelkowo.pl\/wordpress\/wp-json\/wp\/v2\/posts\/1884\/revisions"}],"predecessor-version":[{"id":1999,"href":"https:\/\/splelkowo.pl\/wordpress\/wp-json\/wp\/v2\/posts\/1884\/revisions\/1999"}],"wp:featuredmedia":[{"embeddable":true,"href":"https:\/\/splelkowo.pl\/wordpress\/wp-json\/wp\/v2\/media\/1886"}],"wp:attachment":[{"href":"https:\/\/splelkowo.pl\/wordpress\/wp-json\/wp\/v2\/media?parent=1884"}],"wp:term":[{"taxonomy":"category","embeddable":true,"href":"https:\/\/splelkowo.pl\/wordpress\/wp-json\/wp\/v2\/categories?post=1884"},{"taxonomy":"post_tag","embeddable":true,"href":"https:\/\/splelkowo.pl\/wordpress\/wp-json\/wp\/v2\/tags?post=1884"}],"curies":[{"name":"wp","href":"https:\/\/api.w.org\/{rel}","templated":true}]}}