{"id":2038,"date":"2026-01-07T14:18:17","date_gmt":"2026-01-07T13:18:17","guid":{"rendered":"https:\/\/splelkowo.pl\/wordpress\/?p=2038"},"modified":"2026-01-07T14:18:17","modified_gmt":"2026-01-07T13:18:17","slug":"uczeszczanie-dzieci-do-oddzialow-przedszkolnych-podczas-ferii","status":"publish","type":"post","link":"https:\/\/splelkowo.pl\/wordpress\/uczeszczanie-dzieci-do-oddzialow-przedszkolnych-podczas-ferii\/","title":{"rendered":"Ucz\u0119szczanie dzieci do oddzia\u0142\u00f3w przedszkolnych podczas ferii."},"content":{"rendered":"<div class=\"xdj266r x14z9mp xat24cr x1lziwak x1vvkbs x126k92a\">\n<div dir=\"auto\">Drodzy Rodzice wychowank\u00f3w oddzia\u0142\u00f3w przedszkolnych w SP w Lelkowie i Filii SP w Zagajach.<\/div>\n<div dir=\"auto\">Informuj\u0119, \u017ce w okresie ferii &#8211; od dnia 19.01.2026 do dnia 30.01.2026 dzieci mog\u0105 ucz\u0119szcza\u0107 do Szko\u0142y.<\/div>\n<\/div>\n<div class=\"x14z9mp xat24cr x1lziwak x1vvkbs xtlvy1s x126k92a\">\n<div dir=\"auto\">W tym okresie nie b\u0119dzie dowozu uczni\u00f3w do szko\u0142y.<\/div>\n<\/div>\n<div class=\"x14z9mp xat24cr x1lziwak x1vvkbs xtlvy1s x126k92a\">\n<div dir=\"auto\">Prosz\u0119 o zg\u0142oszenie do nauczyciela grupy lub sekretariatu szko\u0142y czy Pa\u0144stwa dziecko b\u0119dzie w tym okresie ucz\u0119szcza\u0107 do oddzia\u0142u przedszkolnego (zg\u0142aszaj\u0105 tylko rodzice, kt\u00f3rych dzieci b\u0119d\u0105 ucz\u0119szcza\u0142y do szko\u0142y).<\/div>\n<\/div>\n<div class=\"x14z9mp xat24cr x1lziwak x1vvkbs xtlvy1s x126k92a\">\n<div dir=\"auto\">Prosz\u0119 o z\u0142o\u017cenie deklaracji do 14.01.2026 r. (zwi\u0105zane jest to z organizacj\u0105 zaj\u0119\u0107)<\/div>\n<\/div>\n<div class=\"x14z9mp xat24cr x1lziwak x1vvkbs xtlvy1s x126k92a\">\n<div dir=\"auto\">Z powa\u017caniem<\/div>\n<\/div>\n<div class=\"x14z9mp xat24cr x1lziwak x1vvkbs xtlvy1s x126k92a\">\n<div dir=\"auto\">Dyrektor SP Lelkowo<\/div>\n<div dir=\"auto\"><\/div>\n<\/div>\n<div dir=\"auto\"><a href=\"https:\/\/splelkowo.pl\/wordpress\/wp-content\/uploads\/2026\/01\/deklaracja-uczeszczania-do-oddzialow-przedszkolnych-w-ferie.docx\">deklaracja ucz\u0119szczania do oddzia\u0142\u00f3w przedszkolnych w ferie<\/a><\/div>\n","protected":false},"excerpt":{"rendered":"<p>Drodzy Rodzice wychowank\u00f3w oddzia\u0142\u00f3w przedszkolnych w SP w Lelkowie i Filii SP w Zagajach. Informuj\u0119, \u017ce w okresie ferii &#8211; od dnia 19.01.2026 do dnia 30.01.2026 dzieci mog\u0105 ucz\u0119szcza\u0107 do Szko\u0142y. W tym okresie nie b\u0119dzie dowozu uczni\u00f3w do szko\u0142y. Prosz\u0119 o zg\u0142oszenie do nauczyciela grupy lub sekretariatu szko\u0142y czy Pa\u0144stwa dziecko b\u0119dzie w tym okresie ucz\u0119szcza\u0107 do oddzia\u0142u przedszkolnego (zg\u0142aszaj\u0105 tylko rodzice, kt\u00f3rych dzieci b\u0119d\u0105 ucz\u0119szcza\u0142y do szko\u0142y). Prosz\u0119 o z\u0142o\u017cenie deklaracji do 14.01.2026 r. (zwi\u0105zane jest to z organizacj\u0105 zaj\u0119\u0107) Z powa\u017caniem Dyrektor SP Lelkowo deklaracja ucz\u0119szczania do oddzia\u0142\u00f3w przedszkolnych w ferie<\/p>\n","protected":false},"author":2,"featured_media":0,"comment_status":"closed","ping_status":"closed","sticky":false,"template":"","format":"standard","meta":{"site-sidebar-layout":"default","site-content-layout":"","ast-site-content-layout":"default","site-content-style":"default","site-sidebar-style":"default","ast-global-header-display":"","ast-banner-title-visibility":"","ast-main-header-display":"","ast-hfb-above-header-display":"","ast-hfb-below-header-display":"","ast-hfb-mobile-header-display":"","site-post-title":"","ast-breadcrumbs-content":"","ast-featured-img":"","footer-sml-layout":"","ast-disable-related-posts":"","theme-transparent-header-meta":"default","adv-header-id-meta":"","stick-header-meta":"","header-above-stick-meta":"","header-main-stick-meta":"","header-below-stick-meta":"","astra-migrate-meta-layouts":"set","ast-page-background-enabled":"default","ast-page-background-meta":{"desktop":{"background-color":"var(--ast-global-color-4)","background-image":"","background-repeat":"repeat","background-position":"center center","background-size":"auto","background-attachment":"scroll","background-type":"","background-media":"","overlay-type":"","overlay-color":"","overlay-opacity":"","overlay-gradient":""},"tablet":{"background-color":"","background-image":"","background-repeat":"repeat","background-position":"center center","background-size":"auto","background-attachment":"scroll","background-type":"","background-media":"","overlay-type":"","overlay-color":"","overlay-opacity":"","overlay-gradient":""},"mobile":{"background-color":"","background-image":"","background-repeat":"repeat","background-position":"center center","background-size":"auto","background-attachment":"scroll","background-type":"","background-media":"","overlay-type":"","overlay-color":"","overlay-opacity":"","overlay-gradient":""}},"ast-content-background-meta":{"desktop":{"background-color":"var(--ast-global-color-5)","background-image":"","background-repeat":"repeat","background-position":"center center","background-size":"auto","background-attachment":"scroll","background-type":"","background-media":"","overlay-type":"","overlay-color":"","overlay-opacity":"","overlay-gradient":""},"tablet":{"background-color":"var(--ast-global-color-5)","background-image":"","background-repeat":"repeat","background-position":"center center","background-size":"auto","background-attachment":"scroll","background-type":"","background-media":"","overlay-type":"","overlay-color":"","overlay-opacity":"","overlay-gradient":""},"mobile":{"background-color":"var(--ast-global-color-5)","background-image":"","background-repeat":"repeat","background-position":"center center","background-size":"auto","background-attachment":"scroll","background-type":"","background-media":"","overlay-type":"","overlay-color":"","overlay-opacity":"","overlay-gradient":""}},"footnotes":""},"categories":[4],"tags":[],"class_list":["post-2038","post","type-post","status-publish","format-standard","hentry","category-aktualnosci"],"_links":{"self":[{"href":"https:\/\/splelkowo.pl\/wordpress\/wp-json\/wp\/v2\/posts\/2038","targetHints":{"allow":["GET"]}}],"collection":[{"href":"https:\/\/splelkowo.pl\/wordpress\/wp-json\/wp\/v2\/posts"}],"about":[{"href":"https:\/\/splelkowo.pl\/wordpress\/wp-json\/wp\/v2\/types\/post"}],"author":[{"embeddable":true,"href":"https:\/\/splelkowo.pl\/wordpress\/wp-json\/wp\/v2\/users\/2"}],"replies":[{"embeddable":true,"href":"https:\/\/splelkowo.pl\/wordpress\/wp-json\/wp\/v2\/comments?post=2038"}],"version-history":[{"count":1,"href":"https:\/\/splelkowo.pl\/wordpress\/wp-json\/wp\/v2\/posts\/2038\/revisions"}],"predecessor-version":[{"id":2040,"href":"https:\/\/splelkowo.pl\/wordpress\/wp-json\/wp\/v2\/posts\/2038\/revisions\/2040"}],"wp:attachment":[{"href":"https:\/\/splelkowo.pl\/wordpress\/wp-json\/wp\/v2\/media?parent=2038"}],"wp:term":[{"taxonomy":"category","embeddable":true,"href":"https:\/\/splelkowo.pl\/wordpress\/wp-json\/wp\/v2\/categories?post=2038"},{"taxonomy":"post_tag","embeddable":true,"href":"https:\/\/splelkowo.pl\/wordpress\/wp-json\/wp\/v2\/tags?post=2038"}],"curies":[{"name":"wp","href":"https:\/\/api.w.org\/{rel}","templated":true}]}}