{"id":232,"date":"2024-08-28T13:16:38","date_gmt":"2024-08-28T11:16:38","guid":{"rendered":"https:\/\/splelkowo.pl\/wordpress\/?p=232"},"modified":"2024-12-21T13:10:24","modified_gmt":"2024-12-21T12:10:24","slug":"uroczyste-rozpoczecie-roku-szkolnego-2024-2025","status":"publish","type":"post","link":"https:\/\/splelkowo.pl\/wordpress\/uroczyste-rozpoczecie-roku-szkolnego-2024-2025\/","title":{"rendered":"Rozpocz\u0119cie roku szkolnego 2024\/ 2025"},"content":{"rendered":"\r\n<figure class=\"wp-block-image aligncenter size-medium\"><img fetchpriority=\"high\" decoding=\"async\" width=\"300\" height=\"245\" class=\"wp-image-233\" src=\"https:\/\/splelkowo.pl\/wordpress\/wp-content\/uploads\/2024\/08\/nowy_rok_szkolny-300x245.jpg\" alt=\"\" srcset=\"https:\/\/splelkowo.pl\/wordpress\/wp-content\/uploads\/2024\/08\/nowy_rok_szkolny-300x245.jpg 300w, https:\/\/splelkowo.pl\/wordpress\/wp-content\/uploads\/2024\/08\/nowy_rok_szkolny-1024x836.jpg 1024w, https:\/\/splelkowo.pl\/wordpress\/wp-content\/uploads\/2024\/08\/nowy_rok_szkolny-768x627.jpg 768w, https:\/\/splelkowo.pl\/wordpress\/wp-content\/uploads\/2024\/08\/nowy_rok_szkolny-1536x1254.jpg 1536w, https:\/\/splelkowo.pl\/wordpress\/wp-content\/uploads\/2024\/08\/nowy_rok_szkolny.jpg 1689w\" sizes=\"(max-width: 300px) 100vw, 300px\" \/><\/figure>\r\n\r\n\r\n\r\n<p class=\"has-text-align-center has-large-font-size\"><strong>DNIA 02.09.2024r. <\/strong><br \/><strong>(poniedzia\u0142ek)<\/strong><\/p>\r\n\r\n\r\n\r\n<p>PLAN DNIA:<\/p>\r\n\r\n\r\n\r\n<p><strong>08:15<\/strong>\u00a0 Msza \u015awi\u0119ta w ko\u015bciele \u2013 przej\u015bcie uczni\u00f3w z wychowawcami klas do ko\u015bcio\u0142a<\/p>\r\n\r\n\r\n\r\n<p><strong>09:00<\/strong>\u00a0 Apel w sali gimnastycznej<\/p>\r\n\r\n\r\n\r\n<p><strong>09:30<\/strong>\u00a0 Spotkanie w klasach z wychowawcami<strong>09:45\u00a0 <\/strong>Odwozy<\/p>\r\n","protected":false},"excerpt":{"rendered":"<p>DNIA 02.09.2024r. (poniedzia\u0142ek) PLAN DNIA: 08:15\u00a0 Msza \u015awi\u0119ta w ko\u015bciele \u2013 przej\u015bcie uczni\u00f3w z wychowawcami klas do ko\u015bcio\u0142a 09:00\u00a0 Apel w sali gimnastycznej 09:30\u00a0 Spotkanie w klasach z wychowawcami09:45\u00a0 Odwozy<\/p>\n","protected":false},"author":1,"featured_media":0,"comment_status":"closed","ping_status":"closed","sticky":false,"template":"","format":"standard","meta":{"site-sidebar-layout":"default","site-content-layout":"","ast-site-content-layout":"default","site-content-style":"default","site-sidebar-style":"default","ast-global-header-display":"","ast-banner-title-visibility":"","ast-main-header-display":"","ast-hfb-above-header-display":"","ast-hfb-below-header-display":"","ast-hfb-mobile-header-display":"","site-post-title":"","ast-breadcrumbs-content":"","ast-featured-img":"","footer-sml-layout":"","ast-disable-related-posts":"","theme-transparent-header-meta":"default","adv-header-id-meta":"","stick-header-meta":"","header-above-stick-meta":"","header-main-stick-meta":"","header-below-stick-meta":"","astra-migrate-meta-layouts":"set","ast-page-background-enabled":"default","ast-page-background-meta":{"desktop":{"background-color":"var(--ast-global-color-4)","background-image":"","background-repeat":"repeat","background-position":"center center","background-size":"auto","background-attachment":"scroll","background-type":"","background-media":"","overlay-type":"","overlay-color":"","overlay-opacity":"","overlay-gradient":""},"tablet":{"background-color":"","background-image":"","background-repeat":"repeat","background-position":"center center","background-size":"auto","background-attachment":"scroll","background-type":"","background-media":"","overlay-type":"","overlay-color":"","overlay-opacity":"","overlay-gradient":""},"mobile":{"background-color":"","background-image":"","background-repeat":"repeat","background-position":"center center","background-size":"auto","background-attachment":"scroll","background-type":"","background-media":"","overlay-type":"","overlay-color":"","overlay-opacity":"","overlay-gradient":""}},"ast-content-background-meta":{"desktop":{"background-color":"var(--ast-global-color-5)","background-image":"","background-repeat":"repeat","background-position":"center center","background-size":"auto","background-attachment":"scroll","background-type":"","background-media":"","overlay-type":"","overlay-color":"","overlay-opacity":"","overlay-gradient":""},"tablet":{"background-color":"var(--ast-global-color-5)","background-image":"","background-repeat":"repeat","background-position":"center center","background-size":"auto","background-attachment":"scroll","background-type":"","background-media":"","overlay-type":"","overlay-color":"","overlay-opacity":"","overlay-gradient":""},"mobile":{"background-color":"var(--ast-global-color-5)","background-image":"","background-repeat":"repeat","background-position":"center center","background-size":"auto","background-attachment":"scroll","background-type":"","background-media":"","overlay-type":"","overlay-color":"","overlay-opacity":"","overlay-gradient":""}},"footnotes":""},"categories":[4],"tags":[],"class_list":["post-232","post","type-post","status-publish","format-standard","hentry","category-aktualnosci"],"_links":{"self":[{"href":"https:\/\/splelkowo.pl\/wordpress\/wp-json\/wp\/v2\/posts\/232","targetHints":{"allow":["GET"]}}],"collection":[{"href":"https:\/\/splelkowo.pl\/wordpress\/wp-json\/wp\/v2\/posts"}],"about":[{"href":"https:\/\/splelkowo.pl\/wordpress\/wp-json\/wp\/v2\/types\/post"}],"author":[{"embeddable":true,"href":"https:\/\/splelkowo.pl\/wordpress\/wp-json\/wp\/v2\/users\/1"}],"replies":[{"embeddable":true,"href":"https:\/\/splelkowo.pl\/wordpress\/wp-json\/wp\/v2\/comments?post=232"}],"version-history":[{"count":4,"href":"https:\/\/splelkowo.pl\/wordpress\/wp-json\/wp\/v2\/posts\/232\/revisions"}],"predecessor-version":[{"id":521,"href":"https:\/\/splelkowo.pl\/wordpress\/wp-json\/wp\/v2\/posts\/232\/revisions\/521"}],"wp:attachment":[{"href":"https:\/\/splelkowo.pl\/wordpress\/wp-json\/wp\/v2\/media?parent=232"}],"wp:term":[{"taxonomy":"category","embeddable":true,"href":"https:\/\/splelkowo.pl\/wordpress\/wp-json\/wp\/v2\/categories?post=232"},{"taxonomy":"post_tag","embeddable":true,"href":"https:\/\/splelkowo.pl\/wordpress\/wp-json\/wp\/v2\/tags?post=232"}],"curies":[{"name":"wp","href":"https:\/\/api.w.org\/{rel}","templated":true}]}}