{"id":635,"date":"2025-02-16T19:35:25","date_gmt":"2025-02-16T18:35:25","guid":{"rendered":"https:\/\/splelkowo.pl\/wordpress\/?p=635"},"modified":"2025-02-23T00:17:34","modified_gmt":"2025-02-22T23:17:34","slug":"narodowy-program-rozwoju-czytelnictwa","status":"publish","type":"post","link":"https:\/\/splelkowo.pl\/wordpress\/narodowy-program-rozwoju-czytelnictwa\/","title":{"rendered":"Narodowy Program Rozwoju Czytelnictwa"},"content":{"rendered":"<p><strong><img fetchpriority=\"high\" decoding=\"async\" class=\"aligncenter wp-image-634 size-large\" src=\"https:\/\/splelkowo.pl\/wordpress\/wp-content\/uploads\/2025\/02\/belka-1024x127.jpg\" alt=\"\" width=\"1024\" height=\"127\" srcset=\"https:\/\/splelkowo.pl\/wordpress\/wp-content\/uploads\/2025\/02\/belka-1024x127.jpg 1024w, https:\/\/splelkowo.pl\/wordpress\/wp-content\/uploads\/2025\/02\/belka-300x37.jpg 300w, https:\/\/splelkowo.pl\/wordpress\/wp-content\/uploads\/2025\/02\/belka-768x96.jpg 768w, https:\/\/splelkowo.pl\/wordpress\/wp-content\/uploads\/2025\/02\/belka-1536x191.jpg 1536w, https:\/\/splelkowo.pl\/wordpress\/wp-content\/uploads\/2025\/02\/belka-2048x255.jpg 2048w\" sizes=\"(max-width: 1024px) 100vw, 1024px\" \/><\/strong><\/p>\n<p>&nbsp;<\/p>\n<p>Szko\u0142a Podstawowa im. Or\u0142a Bia\u0142ego w Lelkowie w roku 2024 uzyska\u0142a dofinansowanie w ramach Narodowego Programu Rozwoju Czytelnictwa 2.0 na lata 2021-2025- Priorytet 3. Ca\u0142kowity koszt realizacji zadania to: 5000 z\u0142, w tym dotacja: 4000 z\u0142.<\/p>\n<p>Narodowy Program Rozwoju Czytelnictwa 2.0 (NPRCz) to najwi\u0119kszy i jeden z najwa\u017cniejszych program\u00f3w wieloletnich Ministerstwa Kultury i Dziedzictwa Narodowego. Jego celem jest wsparcie, promocja i rozw\u00f3j czytelnictwa w Polsce, kszta\u0142towanie postaw proczytelniczych, zwi\u0119kszanie dost\u0119pu do wszelkich format\u00f3w ksi\u0105\u017cek, wzmacnianie kompetencji pos\u0142ugiwania si\u0119 j\u0119zykiem ojczystym oraz roli bibliotek jako lokalnych o\u015brodk\u00f3w \u017cycia spo\u0142ecznego i centr\u00f3w dost\u0119pu do kultury i wiedzy.<\/p>\n<p>Nasze dzia\u0142ania w ramach NPRCz (w tym wydarzenia promuj\u0105ce czytelnictwo z udzia\u0142em uczni\u00f3w):<\/p>\n<ol>\n<li>Zaj\u0119cia czytelnicze w bibliotece publicznej<\/li>\n<li>Spotkania Dyskusyjnego Klubu Ksi\u0105\u017cki w bibliotece publicznej<\/li>\n<li>Spotkanie autorskie z pani\u0105 Monik\u0105 Kajd\u0105 i jej ksi\u0105\u017ckami pt. \u201eRymy\u201d.<\/li>\n<li>Szkolny konkurs logopedyczno-recytatorski pt. \u201eWierszyki \u0142ami\u0105ce J\u0119zyki\u201d pod patronatem Poradni Psychologiczno-Pedagogicznej.<\/li>\n<li>Szkolny konkurs czytelniczo-plastyczny pt. \u201eMalowane rymy\u201d<\/li>\n<li>Pokonkursowa wystawa prac plastycznych pt. \u201eMalowane rymy\u201d<\/li>\n<li>Szkolny konkurs czytelniczy na najlepsz\u0105 recenzj\u0119 ksi\u0105\u017cki pt. \u201eMoja ulubiona ksi\u0105\u017cka\u201d.<\/li>\n<li>\u201dPoznaj\u0119 literki, b\u0119d\u0119 pi\u0119knie czyta\u0142\u201d \u2013 dzieci\u0119ce przedstawienie teatralne promuj\u0105ce nauk\u0119 czytania i czytelnictwo.<\/li>\n<li>Kiermasz ksi\u0105\u017cek \u2013 wsp\u00f3\u0142praca z Ksi\u0119garni\u0105 Tuliszk\u00f3w<\/li>\n<li>Wystawa ksi\u0105\u017cek zakupionych w ramach NPRCz.<\/li>\n<\/ol>\n<p>&nbsp;<\/p>\n<p>Przyk\u0142ady realizowanych projekt\u00f3w edukacyjnych:<\/p>\n<ol>\n<li>G\u0142o\u015bne czytanie ph.\u201eBajka na dzie\u0144 dobry i jeszcze lepsze jutro\u201d Uczniowie\u00a0 VIII i zaproszeni rodzice czytaj\u0105 uczniom z kl. I \u2013 III teksty\u00a0\u00a0 bajek terapeutycznych\u2013 wybierane s\u0105 tzw. bajeczki edukacyjne, kt\u00f3re powoduj\u0105 pozytywne zmiany w my\u015bleniu i odczuwaniu. Odpowiednio\u00a0 dobrane teksty pomagaj\u0105 dzieciom w rozwi\u0105zywaniu problem\u00f3w np. szkolnych relacji kolegami, radzeniu sobie w trudnych sytuacjach, pozbyciu si\u0119 l\u0119k\u00f3w. Starsi uczniowie uwra\u017cliwiaj\u0105 si\u0119 na potrzeby m\u0142odszych oraz ucz\u0105 si\u0119 im pomaga\u0107.<\/li>\n<li>G\u0142o\u015bne czytanie ph. \u201eNietypowe \u015bwi\u0119ta\u201d uczniowie klas IV i V czytaj\u0105 bajki najm\u0142odszym dzieciom w szkole z Oddzia\u0142u Przedszkolnego i Punku Przedszkolnego. Celem projektu jest dawanie dobrego przyk\u0142adu, promowanie czytelnictwa oraz integracji starszych dzieci z m\u0142odszymi. M\u0142odsze dzieci rozwijaj\u0105 nie tylko zainteresowania czytelnicze, ale te\u017c wzbogacaj\u0105 s\u0142ownictwo, \u0107wicz\u0105 koncentracj\u0119 i pami\u0119\u0107. Starsi uczniowie doskonal\u0105 g\u0142o\u015bne, p\u0142ynne czytanie, dykcj\u0119, ucz\u0105 si\u0119 pomaga\u0107 m\u0142odszym.<\/li>\n<li>\u201dPrzerwa na czytanie\u201d ma na celu promocj\u0119 czytelnictwa w\u015br\u00f3d dzieci i m\u0142odzie\u017cy, pokazuje uczniom, \u017ce czytanie jest ciekawe. Zach\u0119ca uczni\u00f3w do si\u0119gania po ksi\u0105\u017ck\u0119 w ka\u017cdej sytuacji i ka\u017cdym miejscu.<\/li>\n<li>Bookcrossing\u201d polega na pozostawianiu przeczytanych ksi\u0105\u017cek w miejscach publicznych, by znalazca m\u00f3g\u0142 je zabra\u0107 do domu, przeczyta\u0107 i poda\u0107 dalej. W naszej szkole rega\u0142 bookcrossingowy z ksi\u0105\u017ckami znajduje si\u0119 przy bibliotece. Ka\u017cdy mo\u017ce wzi\u0105\u0107 wybran\u0105 ksi\u0105\u017ck\u0119, a w jej miejsce zostawi\u0107 inn\u0105 przyniesion\u0105 z domu.\u00a0 Ksi\u0105\u017ck\u0119 po przeczytaniu nale\u017cy \u201euwolni\u0107\u201d.<\/li>\n<li>\u201eEuropejski Dzie\u0144 J\u0119zyk\u00f3w Obcych\u201d jego celem jest promowanie nauki j\u0119zyk\u00f3w obcych, podkre\u015blenie znaczenia r\u00f3\u017cnorodno\u015bci\u00a0 j\u0119zykowej Europy. S\u0142u\u017cy mi\u0119dzykulturowej integracji. Uczniowie wykonali prezentacje dotycz\u0105ce wybranych\u00a0 wcze\u015bniej kraj\u00f3w.<\/li>\n<li>\u201eXIV \u015awiatowy Dzie\u0144 Tabliczki Mno\u017cenia\u201dma na celu uwra\u017cliwienie uczni\u00f3w na znaczenie umiej\u0119tno\u015bci mno\u017cenia, kt\u00f3ra jest podstaw\u0105 wielu<br \/>\ninnych zagadnie\u0144 matematycznych. Uczniowie mieli mo\u017cliwo\u015b\u0107 przypomnienia sobie tabliczki mno\u017cenia w przyjemny, niecodzienny spos\u00f3b- podczas r\u00f3\u017cnych<br \/>\ngier, zabaw i konkurs\u00f3w. By\u0142a to r\u00f3wnie\u017c okazja do nadrobienia \u201etabliczkowych\u201d zaleg\u0142o\u015bci. Rozwi\u0105zywali interaktywne quizy j\u0119zykowe.<\/li>\n<li>\u201eOdpowiedzialno\u015b\u0107 prawna nieletnich\u201d- spotkanie z funkcjonariuszami policji uczni\u00f3w klas IV &#8211; VIII jak\u0105 ponosz\u0105 za pope\u0142nione czyny w \u015bwietle prawa, kszta\u0142towanie poczucia odpowiedzialno\u015bci za swoje post\u0119powanie oraz zapobieganie zrachowaniom niezgodnym z prawem. Wyja\u015bniono uczniom kim jest osoba nazywana nieletnim i czy nieletni oznacza to samo co ma\u0142oletni. Om\u00f3wiono czym jest poj\u0119cie demoralizacji<br \/>\ni jakie s\u0105 jej przejawy, a tak\u017ce co to takiego jak czyn zabroniony i jakie konsekwencje gro\u017c\u0105 nieletnim\u00a0 za jego pope\u0142nienie. Uczniowie dowiedzieli si\u0119 jakie \u015brodki wychowawcze i poprawcze, mo\u017ce zastosowa\u0107 S\u0105d Rodzinny i Nieletnich wobec nieletnich sprawc\u00f3w czyn\u00f3w karalnych czy os\u00f3b przejawiaj\u0105cych cechy demoralizacji.<\/li>\n<\/ol>\n<p>&nbsp;<\/p>\n<p>&nbsp;<\/p>\n<p>W ramach\u00a0\u201eNarodowego Programu Rozwoju Czytelnictwa\u201d, ksi\u0119gozbi\u00f3r biblioteki wzbogaci\u0142 si\u0119 o 201 szt.\u00a0 ksi\u0105\u017cek (w tym 5 szt. audiobook\u00f3w) o warto\u015bci 4500z\u0142. Ksi\u0105\u017cki zosta\u0142y zakupione zgodnie z oczekiwaniami uczni\u00f3w, rodzic\u00f3w i nauczycieli. Dzi\u0119ki otrzymanym \u015brodkom finansowym biblioteka zosta\u0142a doposa\u017cona w lektury szkolne, jednak najwi\u0119kszym zainteresowaniem ciesz\u0105 si\u0119 tzw. nowo\u015bci wydawnicze &#8211;\u00a0 bestsellery.<br \/>\nWzbogacenie biblioteki o ciekawe ksi\u0105\u017cki spowodowa\u0142o wyra\u017anie\u00a0zauwa\u017calne zwi\u0119kszenie zainteresowania bibliotek\u0105 i ksi\u0105\u017ck\u0105. Dzi\u0119ki zakupionym nowo\u015bci\u0105 ksi\u0119gozbi\u00f3r sta\u0142 si\u0119 bardziej atrakcyjny, pozwala uczniom mi\u0142o sp\u0119dza\u0107 czas na przerwach, dostarcza radosnych emocji, wielu wra\u017ce\u0144, rozbudza zainteresowania. Dyskusje na temat przeczytanych ksi\u0105\u017cek, daj\u0105 mo\u017cliwo\u015b\u0107 uczestniczenia w ciekawych zaj\u0119ciach i projektach edukacyjnych.<br \/>\nWyra\u017anie wzros\u0142a ilo\u015b\u0107 uczni\u00f3w korzystaj\u0105cych z biblioteki oraz ilo\u015b\u0107 wypo\u017cycze\u0144. Dzi\u0119ki realizacji projektu wzros\u0142a r\u00f3wnie\u017c \u015bwiadomo\u015b\u0107 rodzic\u00f3w na temat wp\u0142ywu czytania ksi\u0105\u017cek na rozw\u00f3j intelektualny dzieci i m\u0142odzie\u017cy.<\/p>\n<p>Poni\u017cej lista zakupionych ksi\u0105\u017cek i audiobook\u00f3w w ramach NPRCz<\/p>\n<p><a href=\"https:\/\/splelkowo.pl\/wordpress\/wp-content\/uploads\/2025\/02\/lista-zakupionych-ksiazek.pdf\">https:\/\/splelkowo.pl\/wordpress\/wp-content\/uploads\/2025\/02\/lista-zakupionych-ksiazek.pdf<\/a><\/p>\n<div id='gallery-1' class='gallery galleryid-635 gallery-columns-3 gallery-size-medium'><figure class='gallery-item'>\n\t\t\t<div class='gallery-icon portrait'>\n\t\t\t\t<a href='https:\/\/splelkowo.pl\/wordpress\/spotkanie-autorskie\/'><img decoding=\"async\" width=\"225\" height=\"300\" src=\"https:\/\/splelkowo.pl\/wordpress\/wp-content\/uploads\/2025\/02\/spotkanie-autorskie-225x300.jpg\" class=\"attachment-medium size-medium\" alt=\"spotkanie autorskie\" srcset=\"https:\/\/splelkowo.pl\/wordpress\/wp-content\/uploads\/2025\/02\/spotkanie-autorskie-225x300.jpg 225w, https:\/\/splelkowo.pl\/wordpress\/wp-content\/uploads\/2025\/02\/spotkanie-autorskie-769x1024.jpg 769w, https:\/\/splelkowo.pl\/wordpress\/wp-content\/uploads\/2025\/02\/spotkanie-autorskie-768x1023.jpg 768w, https:\/\/splelkowo.pl\/wordpress\/wp-content\/uploads\/2025\/02\/spotkanie-autorskie-1153x1536.jpg 1153w, https:\/\/splelkowo.pl\/wordpress\/wp-content\/uploads\/2025\/02\/spotkanie-autorskie.jpg 1537w\" sizes=\"(max-width: 225px) 100vw, 225px\" \/><\/a>\n\t\t\t<\/div><\/figure><figure class='gallery-item'>\n\t\t\t<div class='gallery-icon landscape'>\n\t\t\t\t<a href='https:\/\/splelkowo.pl\/wordpress\/dzien-tabliczki-mnozenia\/'><img decoding=\"async\" width=\"300\" height=\"300\" src=\"https:\/\/splelkowo.pl\/wordpress\/wp-content\/uploads\/2025\/02\/Dzien-Tabliczki-Mnozenia-300x300.jpg\" class=\"attachment-medium size-medium\" alt=\"\" srcset=\"https:\/\/splelkowo.pl\/wordpress\/wp-content\/uploads\/2025\/02\/Dzien-Tabliczki-Mnozenia-300x300.jpg 300w, https:\/\/splelkowo.pl\/wordpress\/wp-content\/uploads\/2025\/02\/Dzien-Tabliczki-Mnozenia-150x150.jpg 150w, https:\/\/splelkowo.pl\/wordpress\/wp-content\/uploads\/2025\/02\/Dzien-Tabliczki-Mnozenia-768x768.jpg 768w, https:\/\/splelkowo.pl\/wordpress\/wp-content\/uploads\/2025\/02\/Dzien-Tabliczki-Mnozenia.jpg 960w\" sizes=\"(max-width: 300px) 100vw, 300px\" \/><\/a>\n\t\t\t<\/div><\/figure><figure class='gallery-item'>\n\t\t\t<div class='gallery-icon landscape'>\n\t\t\t\t<a href='https:\/\/splelkowo.pl\/wordpress\/glosne-czytanie-bajka-na-dzien-dobry\/'><img loading=\"lazy\" decoding=\"async\" width=\"300\" height=\"226\" src=\"https:\/\/splelkowo.pl\/wordpress\/wp-content\/uploads\/2025\/02\/Glosne-czytanie-Bajka-na-dzien-dobry-300x226.jpg\" class=\"attachment-medium size-medium\" alt=\"\" srcset=\"https:\/\/splelkowo.pl\/wordpress\/wp-content\/uploads\/2025\/02\/Glosne-czytanie-Bajka-na-dzien-dobry-300x226.jpg 300w, https:\/\/splelkowo.pl\/wordpress\/wp-content\/uploads\/2025\/02\/Glosne-czytanie-Bajka-na-dzien-dobry-768x578.jpg 768w, https:\/\/splelkowo.pl\/wordpress\/wp-content\/uploads\/2025\/02\/Glosne-czytanie-Bajka-na-dzien-dobry.jpg 960w\" sizes=\"(max-width: 300px) 100vw, 300px\" \/><\/a>\n\t\t\t<\/div><\/figure><figure class='gallery-item'>\n\t\t\t<div class='gallery-icon landscape'>\n\t\t\t\t<a href='https:\/\/splelkowo.pl\/wordpress\/spotkanie-z-policjantami\/'><img loading=\"lazy\" decoding=\"async\" width=\"300\" height=\"225\" src=\"https:\/\/splelkowo.pl\/wordpress\/wp-content\/uploads\/2025\/02\/Spotkanie-z-policjantami-300x225.jpg\" class=\"attachment-medium size-medium\" alt=\"\" srcset=\"https:\/\/splelkowo.pl\/wordpress\/wp-content\/uploads\/2025\/02\/Spotkanie-z-policjantami-300x225.jpg 300w, https:\/\/splelkowo.pl\/wordpress\/wp-content\/uploads\/2025\/02\/Spotkanie-z-policjantami-768x576.jpg 768w, https:\/\/splelkowo.pl\/wordpress\/wp-content\/uploads\/2025\/02\/Spotkanie-z-policjantami.jpg 960w\" sizes=\"(max-width: 300px) 100vw, 300px\" \/><\/a>\n\t\t\t<\/div><\/figure><figure class='gallery-item'>\n\t\t\t<div class='gallery-icon landscape'>\n\t\t\t\t<a href='https:\/\/splelkowo.pl\/wordpress\/przerwa-na-czytanie\/'><img loading=\"lazy\" decoding=\"async\" width=\"300\" height=\"138\" src=\"https:\/\/splelkowo.pl\/wordpress\/wp-content\/uploads\/2025\/02\/Przerwa-na-czytanie-300x138.jpg\" class=\"attachment-medium size-medium\" alt=\"\" srcset=\"https:\/\/splelkowo.pl\/wordpress\/wp-content\/uploads\/2025\/02\/Przerwa-na-czytanie-300x138.jpg 300w, https:\/\/splelkowo.pl\/wordpress\/wp-content\/uploads\/2025\/02\/Przerwa-na-czytanie-1024x473.jpg 1024w, https:\/\/splelkowo.pl\/wordpress\/wp-content\/uploads\/2025\/02\/Przerwa-na-czytanie-768x354.jpg 768w, https:\/\/splelkowo.pl\/wordpress\/wp-content\/uploads\/2025\/02\/Przerwa-na-czytanie.jpg 1387w\" sizes=\"(max-width: 300px) 100vw, 300px\" \/><\/a>\n\t\t\t<\/div><\/figure><figure class='gallery-item'>\n\t\t\t<div class='gallery-icon landscape'>\n\t\t\t\t<a href='https:\/\/splelkowo.pl\/wordpress\/dyskusyjny-klub-ksiazki\/'><img loading=\"lazy\" decoding=\"async\" width=\"300\" height=\"226\" src=\"https:\/\/splelkowo.pl\/wordpress\/wp-content\/uploads\/2025\/02\/Dyskusyjny-Klub-Ksiazki-300x226.jpg\" class=\"attachment-medium size-medium\" alt=\"\" srcset=\"https:\/\/splelkowo.pl\/wordpress\/wp-content\/uploads\/2025\/02\/Dyskusyjny-Klub-Ksiazki-300x226.jpg 300w, https:\/\/splelkowo.pl\/wordpress\/wp-content\/uploads\/2025\/02\/Dyskusyjny-Klub-Ksiazki-1024x771.jpg 1024w, https:\/\/splelkowo.pl\/wordpress\/wp-content\/uploads\/2025\/02\/Dyskusyjny-Klub-Ksiazki-768x578.jpg 768w, https:\/\/splelkowo.pl\/wordpress\/wp-content\/uploads\/2025\/02\/Dyskusyjny-Klub-Ksiazki-1536x1157.jpg 1536w, https:\/\/splelkowo.pl\/wordpress\/wp-content\/uploads\/2025\/02\/Dyskusyjny-Klub-Ksiazki.jpg 2040w\" sizes=\"(max-width: 300px) 100vw, 300px\" \/><\/a>\n\t\t\t<\/div><\/figure><figure class='gallery-item'>\n\t\t\t<div class='gallery-icon portrait'>\n\t\t\t\t<a href='https:\/\/splelkowo.pl\/wordpress\/recenzje-ksiazki\/'><img loading=\"lazy\" decoding=\"async\" width=\"226\" height=\"300\" src=\"https:\/\/splelkowo.pl\/wordpress\/wp-content\/uploads\/2025\/02\/Recenzje-ksiazki-226x300.jpg\" class=\"attachment-medium size-medium\" alt=\"\" srcset=\"https:\/\/splelkowo.pl\/wordpress\/wp-content\/uploads\/2025\/02\/Recenzje-ksiazki-226x300.jpg 226w, https:\/\/splelkowo.pl\/wordpress\/wp-content\/uploads\/2025\/02\/Recenzje-ksiazki.jpg 723w\" sizes=\"(max-width: 226px) 100vw, 226px\" \/><\/a>\n\t\t\t<\/div><\/figure>\n\t\t<\/div>\n\n","protected":false},"excerpt":{"rendered":"<p>&nbsp; Szko\u0142a Podstawowa im. Or\u0142a Bia\u0142ego w Lelkowie w roku 2024 uzyska\u0142a dofinansowanie w ramach Narodowego Programu Rozwoju Czytelnictwa 2.0 na lata 2021-2025- Priorytet 3. Ca\u0142kowity koszt realizacji zadania to: 5000 z\u0142, w tym dotacja: 4000 z\u0142. Narodowy Program Rozwoju Czytelnictwa 2.0 (NPRCz) to najwi\u0119kszy i jeden z najwa\u017cniejszych program\u00f3w wieloletnich Ministerstwa Kultury i Dziedzictwa Narodowego. Jego celem jest wsparcie, promocja i rozw\u00f3j czytelnictwa w Polsce, kszta\u0142towanie postaw proczytelniczych, zwi\u0119kszanie dost\u0119pu do wszelkich format\u00f3w ksi\u0105\u017cek, wzmacnianie kompetencji pos\u0142ugiwania si\u0119 j\u0119zykiem ojczystym oraz roli bibliotek jako lokalnych o\u015brodk\u00f3w \u017cycia spo\u0142ecznego i centr\u00f3w dost\u0119pu do kultury i wiedzy. Nasze dzia\u0142ania w ramach NPRCz (w tym wydarzenia promuj\u0105ce czytelnictwo z udzia\u0142em uczni\u00f3w): Zaj\u0119cia czytelnicze w bibliotece publicznej Spotkania Dyskusyjnego Klubu Ksi\u0105\u017cki w bibliotece publicznej Spotkanie autorskie z pani\u0105 Monik\u0105 Kajd\u0105 i jej ksi\u0105\u017ckami pt. \u201eRymy\u201d. Szkolny konkurs logopedyczno-recytatorski pt. \u201eWierszyki \u0142ami\u0105ce J\u0119zyki\u201d pod patronatem Poradni Psychologiczno-Pedagogicznej. Szkolny konkurs czytelniczo-plastyczny pt. \u201eMalowane rymy\u201d Pokonkursowa wystawa prac plastycznych pt. \u201eMalowane rymy\u201d Szkolny konkurs czytelniczy na najlepsz\u0105 recenzj\u0119 ksi\u0105\u017cki pt. \u201eMoja ulubiona ksi\u0105\u017cka\u201d. \u201dPoznaj\u0119 literki, b\u0119d\u0119 pi\u0119knie czyta\u0142\u201d \u2013 dzieci\u0119ce przedstawienie teatralne promuj\u0105ce nauk\u0119 czytania i czytelnictwo. Kiermasz ksi\u0105\u017cek \u2013 wsp\u00f3\u0142praca z Ksi\u0119garni\u0105 Tuliszk\u00f3w Wystawa ksi\u0105\u017cek zakupionych w ramach NPRCz. &nbsp; Przyk\u0142ady realizowanych projekt\u00f3w edukacyjnych: G\u0142o\u015bne czytanie ph.\u201eBajka na dzie\u0144 dobry i jeszcze lepsze jutro\u201d Uczniowie\u00a0 VIII i zaproszeni rodzice czytaj\u0105 uczniom z kl. I \u2013 III teksty\u00a0\u00a0 bajek terapeutycznych\u2013 wybierane s\u0105 tzw. bajeczki edukacyjne, kt\u00f3re powoduj\u0105 pozytywne zmiany w my\u015bleniu i odczuwaniu. Odpowiednio\u00a0 dobrane teksty pomagaj\u0105 dzieciom w rozwi\u0105zywaniu problem\u00f3w np. szkolnych relacji kolegami, radzeniu sobie w trudnych sytuacjach, pozbyciu si\u0119 l\u0119k\u00f3w. Starsi uczniowie uwra\u017cliwiaj\u0105 si\u0119 na potrzeby m\u0142odszych oraz ucz\u0105 si\u0119 im pomaga\u0107. G\u0142o\u015bne czytanie ph. \u201eNietypowe \u015bwi\u0119ta\u201d uczniowie klas IV i V czytaj\u0105 bajki najm\u0142odszym dzieciom w szkole z Oddzia\u0142u Przedszkolnego i Punku Przedszkolnego. Celem projektu jest dawanie dobrego przyk\u0142adu, promowanie czytelnictwa oraz integracji starszych dzieci z m\u0142odszymi. M\u0142odsze dzieci rozwijaj\u0105 nie tylko zainteresowania czytelnicze, ale te\u017c wzbogacaj\u0105 s\u0142ownictwo, \u0107wicz\u0105 koncentracj\u0119 i pami\u0119\u0107. Starsi uczniowie doskonal\u0105 g\u0142o\u015bne, p\u0142ynne czytanie, dykcj\u0119, ucz\u0105 si\u0119 pomaga\u0107 m\u0142odszym. \u201dPrzerwa na czytanie\u201d ma na celu promocj\u0119 czytelnictwa w\u015br\u00f3d dzieci i m\u0142odzie\u017cy, pokazuje uczniom, \u017ce czytanie jest ciekawe. Zach\u0119ca uczni\u00f3w do si\u0119gania po ksi\u0105\u017ck\u0119 w ka\u017cdej sytuacji i ka\u017cdym miejscu. Bookcrossing\u201d polega na pozostawianiu przeczytanych ksi\u0105\u017cek w miejscach publicznych, by znalazca m\u00f3g\u0142 je zabra\u0107 do domu, przeczyta\u0107 i poda\u0107 dalej. W naszej szkole rega\u0142 bookcrossingowy z ksi\u0105\u017ckami znajduje si\u0119 przy bibliotece. Ka\u017cdy mo\u017ce wzi\u0105\u0107 wybran\u0105 ksi\u0105\u017ck\u0119, a w jej miejsce zostawi\u0107 inn\u0105 przyniesion\u0105 z domu.\u00a0 Ksi\u0105\u017ck\u0119 po przeczytaniu nale\u017cy \u201euwolni\u0107\u201d. \u201eEuropejski Dzie\u0144 J\u0119zyk\u00f3w Obcych\u201d jego celem jest promowanie nauki j\u0119zyk\u00f3w obcych, podkre\u015blenie znaczenia r\u00f3\u017cnorodno\u015bci\u00a0 j\u0119zykowej Europy. S\u0142u\u017cy mi\u0119dzykulturowej integracji. Uczniowie wykonali prezentacje dotycz\u0105ce wybranych\u00a0 wcze\u015bniej kraj\u00f3w. \u201eXIV \u015awiatowy Dzie\u0144 Tabliczki Mno\u017cenia\u201dma na celu uwra\u017cliwienie uczni\u00f3w na znaczenie umiej\u0119tno\u015bci mno\u017cenia, kt\u00f3ra jest podstaw\u0105 wielu innych zagadnie\u0144 matematycznych. Uczniowie mieli mo\u017cliwo\u015b\u0107 przypomnienia sobie tabliczki mno\u017cenia w przyjemny, niecodzienny spos\u00f3b- podczas r\u00f3\u017cnych gier, zabaw i konkurs\u00f3w. By\u0142a to r\u00f3wnie\u017c okazja do nadrobienia \u201etabliczkowych\u201d zaleg\u0142o\u015bci. Rozwi\u0105zywali interaktywne quizy j\u0119zykowe. \u201eOdpowiedzialno\u015b\u0107 prawna nieletnich\u201d- spotkanie z funkcjonariuszami policji uczni\u00f3w klas IV &#8211; VIII jak\u0105 ponosz\u0105 za pope\u0142nione czyny w \u015bwietle prawa, kszta\u0142towanie poczucia odpowiedzialno\u015bci za swoje post\u0119powanie oraz zapobieganie zrachowaniom niezgodnym z prawem. Wyja\u015bniono uczniom kim jest osoba nazywana nieletnim i czy nieletni oznacza to samo co ma\u0142oletni. Om\u00f3wiono czym jest poj\u0119cie demoralizacji i jakie s\u0105 jej przejawy, a tak\u017ce co to takiego jak czyn zabroniony i jakie konsekwencje gro\u017c\u0105 nieletnim\u00a0 za jego pope\u0142nienie. Uczniowie dowiedzieli si\u0119 jakie \u015brodki wychowawcze i poprawcze, mo\u017ce zastosowa\u0107 S\u0105d Rodzinny i Nieletnich wobec nieletnich sprawc\u00f3w czyn\u00f3w karalnych czy os\u00f3b przejawiaj\u0105cych cechy demoralizacji. &nbsp; &nbsp; W ramach\u00a0\u201eNarodowego Programu Rozwoju Czytelnictwa\u201d, ksi\u0119gozbi\u00f3r biblioteki wzbogaci\u0142 si\u0119 o 201 szt.\u00a0 ksi\u0105\u017cek (w tym 5 szt. audiobook\u00f3w) o warto\u015bci 4500z\u0142. Ksi\u0105\u017cki zosta\u0142y zakupione zgodnie z oczekiwaniami uczni\u00f3w, rodzic\u00f3w i nauczycieli. Dzi\u0119ki otrzymanym \u015brodkom finansowym biblioteka zosta\u0142a doposa\u017cona w lektury szkolne, jednak najwi\u0119kszym zainteresowaniem ciesz\u0105 si\u0119 tzw. nowo\u015bci wydawnicze &#8211;\u00a0 bestsellery. Wzbogacenie biblioteki o ciekawe ksi\u0105\u017cki spowodowa\u0142o wyra\u017anie\u00a0zauwa\u017calne zwi\u0119kszenie zainteresowania bibliotek\u0105 i ksi\u0105\u017ck\u0105. Dzi\u0119ki zakupionym nowo\u015bci\u0105 ksi\u0119gozbi\u00f3r sta\u0142 si\u0119 bardziej atrakcyjny, pozwala uczniom mi\u0142o sp\u0119dza\u0107 czas na przerwach, dostarcza radosnych emocji, wielu wra\u017ce\u0144, rozbudza zainteresowania. Dyskusje na temat przeczytanych ksi\u0105\u017cek, daj\u0105 mo\u017cliwo\u015b\u0107 uczestniczenia w ciekawych zaj\u0119ciach i projektach edukacyjnych. Wyra\u017anie wzros\u0142a ilo\u015b\u0107 uczni\u00f3w korzystaj\u0105cych z biblioteki oraz ilo\u015b\u0107 wypo\u017cycze\u0144. Dzi\u0119ki realizacji projektu wzros\u0142a r\u00f3wnie\u017c \u015bwiadomo\u015b\u0107 rodzic\u00f3w na temat wp\u0142ywu czytania ksi\u0105\u017cek na rozw\u00f3j intelektualny dzieci i m\u0142odzie\u017cy. Poni\u017cej lista zakupionych ksi\u0105\u017cek i audiobook\u00f3w w ramach NPRCz https:\/\/splelkowo.pl\/wordpress\/wp-content\/uploads\/2025\/02\/lista-zakupionych-ksiazek.pdf<\/p>\n","protected":false},"author":2,"featured_media":679,"comment_status":"closed","ping_status":"closed","sticky":false,"template":"","format":"standard","meta":{"site-sidebar-layout":"default","site-content-layout":"","ast-site-content-layout":"default","site-content-style":"default","site-sidebar-style":"default","ast-global-header-display":"","ast-banner-title-visibility":"","ast-main-header-display":"","ast-hfb-above-header-display":"","ast-hfb-below-header-display":"","ast-hfb-mobile-header-display":"","site-post-title":"","ast-breadcrumbs-content":"","ast-featured-img":"","footer-sml-layout":"","ast-disable-related-posts":"","theme-transparent-header-meta":"default","adv-header-id-meta":"","stick-header-meta":"","header-above-stick-meta":"","header-main-stick-meta":"","header-below-stick-meta":"","astra-migrate-meta-layouts":"set","ast-page-background-enabled":"default","ast-page-background-meta":{"desktop":{"background-color":"var(--ast-global-color-4)","background-image":"","background-repeat":"repeat","background-position":"center center","background-size":"auto","background-attachment":"scroll","background-type":"","background-media":"","overlay-type":"","overlay-color":"","overlay-opacity":"","overlay-gradient":""},"tablet":{"background-color":"","background-image":"","background-repeat":"repeat","background-position":"center center","background-size":"auto","background-attachment":"scroll","background-type":"","background-media":"","overlay-type":"","overlay-color":"","overlay-opacity":"","overlay-gradient":""},"mobile":{"background-color":"","background-image":"","background-repeat":"repeat","background-position":"center center","background-size":"auto","background-attachment":"scroll","background-type":"","background-media":"","overlay-type":"","overlay-color":"","overlay-opacity":"","overlay-gradient":""}},"ast-content-background-meta":{"desktop":{"background-color":"var(--ast-global-color-5)","background-image":"","background-repeat":"repeat","background-position":"center center","background-size":"auto","background-attachment":"scroll","background-type":"","background-media":"","overlay-type":"","overlay-color":"","overlay-opacity":"","overlay-gradient":""},"tablet":{"background-color":"var(--ast-global-color-5)","background-image":"","background-repeat":"repeat","background-position":"center center","background-size":"auto","background-attachment":"scroll","background-type":"","background-media":"","overlay-type":"","overlay-color":"","overlay-opacity":"","overlay-gradient":""},"mobile":{"background-color":"var(--ast-global-color-5)","background-image":"","background-repeat":"repeat","background-position":"center center","background-size":"auto","background-attachment":"scroll","background-type":"","background-media":"","overlay-type":"","overlay-color":"","overlay-opacity":"","overlay-gradient":""}},"footnotes":""},"categories":[4],"tags":[],"class_list":["post-635","post","type-post","status-publish","format-standard","has-post-thumbnail","hentry","category-aktualnosci"],"_links":{"self":[{"href":"https:\/\/splelkowo.pl\/wordpress\/wp-json\/wp\/v2\/posts\/635","targetHints":{"allow":["GET"]}}],"collection":[{"href":"https:\/\/splelkowo.pl\/wordpress\/wp-json\/wp\/v2\/posts"}],"about":[{"href":"https:\/\/splelkowo.pl\/wordpress\/wp-json\/wp\/v2\/types\/post"}],"author":[{"embeddable":true,"href":"https:\/\/splelkowo.pl\/wordpress\/wp-json\/wp\/v2\/users\/2"}],"replies":[{"embeddable":true,"href":"https:\/\/splelkowo.pl\/wordpress\/wp-json\/wp\/v2\/comments?post=635"}],"version-history":[{"count":2,"href":"https:\/\/splelkowo.pl\/wordpress\/wp-json\/wp\/v2\/posts\/635\/revisions"}],"predecessor-version":[{"id":647,"href":"https:\/\/splelkowo.pl\/wordpress\/wp-json\/wp\/v2\/posts\/635\/revisions\/647"}],"wp:featuredmedia":[{"embeddable":true,"href":"https:\/\/splelkowo.pl\/wordpress\/wp-json\/wp\/v2\/media\/679"}],"wp:attachment":[{"href":"https:\/\/splelkowo.pl\/wordpress\/wp-json\/wp\/v2\/media?parent=635"}],"wp:term":[{"taxonomy":"category","embeddable":true,"href":"https:\/\/splelkowo.pl\/wordpress\/wp-json\/wp\/v2\/categories?post=635"},{"taxonomy":"post_tag","embeddable":true,"href":"https:\/\/splelkowo.pl\/wordpress\/wp-json\/wp\/v2\/tags?post=635"}],"curies":[{"name":"wp","href":"https:\/\/api.w.org\/{rel}","templated":true}]}}