{"id":930,"date":"2025-04-06T11:12:15","date_gmt":"2025-04-06T09:12:15","guid":{"rendered":"https:\/\/splelkowo.pl\/wordpress\/?p=930"},"modified":"2025-04-06T11:12:15","modified_gmt":"2025-04-06T09:12:15","slug":"ogolnopolski-konkurs-orzel-matematyczny-i-orzel-edukacji-wczesnoszkolnej","status":"publish","type":"post","link":"https:\/\/splelkowo.pl\/wordpress\/ogolnopolski-konkurs-orzel-matematyczny-i-orzel-edukacji-wczesnoszkolnej\/","title":{"rendered":"Og\u00f3lnopolski Konkurs \u201eOrze\u0142 Matematyczny\u201d i \u201eOrze\u0142 Edukacji Wczesnoszkolnej\u201d"},"content":{"rendered":"<p>Sukces uczni\u00f3w w Og\u00f3lnopolskim Konkursie \u201eOrze\u0142 Matematyczny\u201d i \u201eOrze\u0142 Edukacji Wczesnoszkolnej\u201d<\/p>\n<p>Uczniowie Szko\u0142y Podstawowej im. Or\u0142a Bia\u0142ego w Lelkowie osi\u0105gn\u0119li wysokie wyniki w Og\u00f3lnopolskim Konkursie \u201eOrze\u0142 Matematyczny\u201d oraz \u201eOrze\u0142 Edukacji Wczesnoszkolnej\u201d. Laureaci oraz wyr\u00f3\u017cnieni uczniowie potwierdzili swoje umiej\u0119tno\u015bci i zaanga\u017cowanie w nauk\u0119.<\/p>\n<p>Wyniki konkursu \u201eOrze\u0142 Matematyczny\u201d (klasy III-VIII):<\/p>\n<ol start=\"11\">\n<li>miejsce \u2013 Hanna Gontarczyk<\/li>\n<li>miejsce \u2013 Tomasz Laskowski, Igor Tkaczuk<\/li>\n<li>miejsce \u2013 Filip Marsza\u0142<div id='gallery-1' class='gallery galleryid-930 gallery-columns-3 gallery-size-large'><figure class='gallery-item'>\n\t\t\t<div class='gallery-icon landscape'>\n\t\t\t\t<a href='https:\/\/splelkowo.pl\/wordpress\/certyfikat\/'><img fetchpriority=\"high\" decoding=\"async\" width=\"832\" height=\"592\" src=\"https:\/\/splelkowo.pl\/wordpress\/wp-content\/uploads\/2025\/04\/certyfikat-e1743930590310.jpg\" class=\"attachment-large size-large\" alt=\"\" srcset=\"https:\/\/splelkowo.pl\/wordpress\/wp-content\/uploads\/2025\/04\/certyfikat-e1743930590310.jpg 832w, https:\/\/splelkowo.pl\/wordpress\/wp-content\/uploads\/2025\/04\/certyfikat-e1743930590310-300x213.jpg 300w, https:\/\/splelkowo.pl\/wordpress\/wp-content\/uploads\/2025\/04\/certyfikat-e1743930590310-768x546.jpg 768w\" sizes=\"(max-width: 832px) 100vw, 832px\" \/><\/a>\n\t\t\t<\/div><\/figure><figure class='gallery-item'>\n\t\t\t<div class='gallery-icon landscape'>\n\t\t\t\t<a href='https:\/\/splelkowo.pl\/wordpress\/orly-1\/'><img decoding=\"async\" width=\"1024\" height=\"461\" src=\"https:\/\/splelkowo.pl\/wordpress\/wp-content\/uploads\/2025\/04\/Orly-1-1024x461.jpg\" class=\"attachment-large size-large\" alt=\"\" \/><\/a>\n\t\t\t<\/div><\/figure><figure class='gallery-item'>\n\t\t\t<div class='gallery-icon landscape'>\n\t\t\t\t<a href='https:\/\/splelkowo.pl\/wordpress\/orly-2\/'><img decoding=\"async\" width=\"1024\" height=\"462\" src=\"https:\/\/splelkowo.pl\/wordpress\/wp-content\/uploads\/2025\/04\/Orly-2-1024x462.jpg\" class=\"attachment-large size-large\" alt=\"\" srcset=\"https:\/\/splelkowo.pl\/wordpress\/wp-content\/uploads\/2025\/04\/Orly-2-1024x462.jpg 1024w, https:\/\/splelkowo.pl\/wordpress\/wp-content\/uploads\/2025\/04\/Orly-2-768x346.jpg 768w\" sizes=\"(max-width: 1024px) 100vw, 1024px\" \/><\/a>\n\t\t\t<\/div><\/figure>\n\t\t<\/div>\n<\/li>\n<\/ol>\n<p>Wyniki konkursu \u201eOrze\u0142 Edukacji Wczesnoszkolnej\u201d (klasy I-III):<\/p>\n<ol start=\"12\">\n<li>miejsce \u2013 Kamil Pi\u0142at<\/li>\n<li>miejsce \u2013 Bartosz Wi\u0119ckowski<\/li>\n<li>miejsce \u2013 Julia Wi\u0119ckowska<\/li>\n<li>miejsce \u2013 B\u0142a\u017cej Kie\u0142ek, Hanna Lewko, Alicja Wasiuta<\/li>\n<\/ol>\n<p>Pozostali uczestnicy konkursu otrzymali wyr\u00f3\u017cnienia za swoje osi\u0105gni\u0119cia.<\/p>\n<p>Gratulujemy wszystkim uczniom i \u017cyczymy dalszych sukces\u00f3w w kolejnych edycjach konkurs\u00f3w!<\/p>\n","protected":false},"excerpt":{"rendered":"<p>Sukces uczni\u00f3w w Og\u00f3lnopolskim Konkursie \u201eOrze\u0142 Matematyczny\u201d i \u201eOrze\u0142 Edukacji Wczesnoszkolnej\u201d Uczniowie Szko\u0142y Podstawowej im. Or\u0142a Bia\u0142ego w Lelkowie osi\u0105gn\u0119li wysokie wyniki w Og\u00f3lnopolskim Konkursie \u201eOrze\u0142 Matematyczny\u201d oraz \u201eOrze\u0142 Edukacji Wczesnoszkolnej\u201d. Laureaci oraz wyr\u00f3\u017cnieni uczniowie potwierdzili swoje umiej\u0119tno\u015bci i zaanga\u017cowanie w nauk\u0119. Wyniki konkursu \u201eOrze\u0142 Matematyczny\u201d (klasy III-VIII): miejsce \u2013 Hanna Gontarczyk miejsce \u2013 Tomasz Laskowski, Igor Tkaczuk miejsce \u2013 Filip Marsza\u0142 Wyniki konkursu \u201eOrze\u0142 Edukacji Wczesnoszkolnej\u201d (klasy I-III): miejsce \u2013 Kamil Pi\u0142at miejsce \u2013 Bartosz Wi\u0119ckowski miejsce \u2013 Julia Wi\u0119ckowska miejsce \u2013 B\u0142a\u017cej Kie\u0142ek, Hanna Lewko, Alicja Wasiuta Pozostali uczestnicy konkursu otrzymali wyr\u00f3\u017cnienia za swoje osi\u0105gni\u0119cia. Gratulujemy wszystkim uczniom i \u017cyczymy dalszych sukces\u00f3w w kolejnych edycjach konkurs\u00f3w!<\/p>\n","protected":false},"author":2,"featured_media":927,"comment_status":"closed","ping_status":"closed","sticky":false,"template":"","format":"standard","meta":{"site-sidebar-layout":"default","site-content-layout":"","ast-site-content-layout":"default","site-content-style":"default","site-sidebar-style":"default","ast-global-header-display":"","ast-banner-title-visibility":"","ast-main-header-display":"","ast-hfb-above-header-display":"","ast-hfb-below-header-display":"","ast-hfb-mobile-header-display":"","site-post-title":"","ast-breadcrumbs-content":"","ast-featured-img":"","footer-sml-layout":"","ast-disable-related-posts":"","theme-transparent-header-meta":"default","adv-header-id-meta":"","stick-header-meta":"","header-above-stick-meta":"","header-main-stick-meta":"","header-below-stick-meta":"","astra-migrate-meta-layouts":"set","ast-page-background-enabled":"default","ast-page-background-meta":{"desktop":{"background-color":"var(--ast-global-color-4)","background-image":"","background-repeat":"repeat","background-position":"center center","background-size":"auto","background-attachment":"scroll","background-type":"","background-media":"","overlay-type":"","overlay-color":"","overlay-opacity":"","overlay-gradient":""},"tablet":{"background-color":"","background-image":"","background-repeat":"repeat","background-position":"center center","background-size":"auto","background-attachment":"scroll","background-type":"","background-media":"","overlay-type":"","overlay-color":"","overlay-opacity":"","overlay-gradient":""},"mobile":{"background-color":"","background-image":"","background-repeat":"repeat","background-position":"center center","background-size":"auto","background-attachment":"scroll","background-type":"","background-media":"","overlay-type":"","overlay-color":"","overlay-opacity":"","overlay-gradient":""}},"ast-content-background-meta":{"desktop":{"background-color":"var(--ast-global-color-5)","background-image":"","background-repeat":"repeat","background-position":"center center","background-size":"auto","background-attachment":"scroll","background-type":"","background-media":"","overlay-type":"","overlay-color":"","overlay-opacity":"","overlay-gradient":""},"tablet":{"background-color":"var(--ast-global-color-5)","background-image":"","background-repeat":"repeat","background-position":"center center","background-size":"auto","background-attachment":"scroll","background-type":"","background-media":"","overlay-type":"","overlay-color":"","overlay-opacity":"","overlay-gradient":""},"mobile":{"background-color":"var(--ast-global-color-5)","background-image":"","background-repeat":"repeat","background-position":"center center","background-size":"auto","background-attachment":"scroll","background-type":"","background-media":"","overlay-type":"","overlay-color":"","overlay-opacity":"","overlay-gradient":""}},"footnotes":""},"categories":[4],"tags":[],"class_list":["post-930","post","type-post","status-publish","format-standard","has-post-thumbnail","hentry","category-aktualnosci"],"_links":{"self":[{"href":"https:\/\/splelkowo.pl\/wordpress\/wp-json\/wp\/v2\/posts\/930","targetHints":{"allow":["GET"]}}],"collection":[{"href":"https:\/\/splelkowo.pl\/wordpress\/wp-json\/wp\/v2\/posts"}],"about":[{"href":"https:\/\/splelkowo.pl\/wordpress\/wp-json\/wp\/v2\/types\/post"}],"author":[{"embeddable":true,"href":"https:\/\/splelkowo.pl\/wordpress\/wp-json\/wp\/v2\/users\/2"}],"replies":[{"embeddable":true,"href":"https:\/\/splelkowo.pl\/wordpress\/wp-json\/wp\/v2\/comments?post=930"}],"version-history":[{"count":1,"href":"https:\/\/splelkowo.pl\/wordpress\/wp-json\/wp\/v2\/posts\/930\/revisions"}],"predecessor-version":[{"id":931,"href":"https:\/\/splelkowo.pl\/wordpress\/wp-json\/wp\/v2\/posts\/930\/revisions\/931"}],"wp:featuredmedia":[{"embeddable":true,"href":"https:\/\/splelkowo.pl\/wordpress\/wp-json\/wp\/v2\/media\/927"}],"wp:attachment":[{"href":"https:\/\/splelkowo.pl\/wordpress\/wp-json\/wp\/v2\/media?parent=930"}],"wp:term":[{"taxonomy":"category","embeddable":true,"href":"https:\/\/splelkowo.pl\/wordpress\/wp-json\/wp\/v2\/categories?post=930"},{"taxonomy":"post_tag","embeddable":true,"href":"https:\/\/splelkowo.pl\/wordpress\/wp-json\/wp\/v2\/tags?post=930"}],"curies":[{"name":"wp","href":"https:\/\/api.w.org\/{rel}","templated":true}]}}